{"id":10003,"date":"2013-11-29T22:41:11","date_gmt":"2013-11-30T01:41:11","guid":{"rendered":"http:\/\/www.curva1.com.ar\/?p=10003"},"modified":"2013-11-29T22:41:42","modified_gmt":"2013-11-30T01:41:42","slug":"este-domingo-en-san-martin-se-corre-el-premio-coronacion-del-karting-cuyano","status":"publish","type":"post","link":"https:\/\/curva1.com.ar\/?p=10003","title":{"rendered":"Este domingo en San Mart\u00edn se corre el Premio Coronaci\u00f3n del Karting Cuyano"},"content":{"rendered":"<p><img loading=\"lazy\" decoding=\"async\" class=\"aligncenter size-full wp-image-10004\" alt=\"IMG_0734\" src=\"http:\/\/www.curva1.com.ar\/wp-content\/uploads\/2013\/11\/IMG_0734.jpg\" width=\"500\" height=\"281\" srcset=\"https:\/\/curva1.com.ar\/wp-content\/uploads\/2013\/11\/IMG_0734.jpg 500w, https:\/\/curva1.com.ar\/wp-content\/uploads\/2013\/11\/IMG_0734-300x169.jpg 300w\" sizes=\"auto, (max-width: 500px) 100vw, 500px\" \/><\/p>\n<p>El fin de semana el Karting Cuyano llega a su fin. La temporada 2013 se termina y con ella la definici\u00f3n de sus seis campeonato y la coronaci\u00f3n de los nuevos reyes de Cuyo.<\/p>\n<p>Para esta fecha se habilitar\u00e1 el Kart\u00f3dromo de San Mart\u00edn durante toda la semana para pruebas libres y el s\u00e1bado la actividad comenzar\u00e1 a las 16:00 hs con pruebas, siendo a partir del mediod\u00eda la actividad administrativa e ingreso de equipos al predio.<\/p>\n<p>El domingo se comenzar\u00e1 temprano, a partir de las 8:30 hs con pruebas, clasificaciones, pre finales y finales, para concluir la jornada con el podio y la coronaci\u00f3n de los campeones 2013.<\/p>\n<blockquote><p><a href=\"http:\/\/femadmza.com.ar\/2013\/Karting\/RPPKarting2013-08.doc\" target=\"x\">RPP CORONACION DE MZ KART<br \/>\n1 de Diciembre<br \/>\nKartodromo Ciudad de San Mart\u00edn <\/a><\/p><\/blockquote>\n<p>Seg\u00fan las bases del campeonato, en esta \u00faltima fecha no se permiten pilotos debutantes y las competencias tendr\u00e1n puntaje y medio, por lo que habr\u00e1 en juego 91 puntos (m\u00e1s presentismo).<\/p>\n<p><strong>LOS PILOTOS CON CHANCES<\/strong><\/p>\n<p>En la Promocional Stihl Agust\u00edn Palau es el principal candidato y suma 365 puntos, contra los 323 que tiene Franco Meschini. El puntano Alonso Ortega tiene 314 y tiene posibilidades de obtener el t\u00edtulo.<\/p>\n<p>La Promocional Iame 60 est\u00e1 que arde. Valentino Santero (351), Juli\u00e1n M\u00f3dica (349), Tom\u00e1s Martin (342) y Nicol\u00e1s Palau (341) son los cuatro pilotos que luchar\u00e1n por obtener el \u201c1\u2033 para la pr\u00f3xima temporada.<\/p>\n<p>Germ\u00e1n Mart\u00ednez lider\u00e1 la Pre J\u00fanior y es seguido por el puntano Emanuel Ideme que se ubica a 61 puntos. El sanjuanino Tom\u00e1s Bolzonella est\u00e1 a 67 puntos y tiene chances matem\u00e1ticas.<\/p>\n<p>En la J\u00fanior lidera Ger\u00f3nimo C\u00f3nsoli (383), pero el santafecino Alan Palacio (317) y el lujanino Ignacio Broccolo (304) est\u00e1n en la pelea y van por la corona.<\/p>\n<p>Jorge Vitar es puntero en la categor\u00eda Senior Pro, seguido por Guido Badaloni (a 19 puntos) y el santiague\u00f1o Franco Farina (a 22 puntos). Juan Manuel Basco est\u00e1 a 78 unidades y bastante alejado, pero no se dar\u00e1 por vencido.<\/p>\n<p>La categor\u00eda espect\u00e1culo, la S\u00faper 4 Tiempos, es comandada por Carlos Manzano que ha sabido construir una diferencia de 66 puntos sobre el escolta Franco Saladino. A un punto del sanmartiniano est\u00e1 Joaqu\u00edn Torrent que tambi\u00e9n cuenta con chances.<\/p>\n<p>Mira los campeonatos completos haciendo\u00a0<a href=\"http:\/\/femadmza.com.ar\/2013\/Karting\/Karting07.htm\" target=\"_blank\"><strong>click aqu\u00ed<\/strong><\/a><\/p>\n<p><strong>CAMBIOS Y ANUNCIOS<\/strong><\/p>\n<p>La Subcomisi\u00f3n de Karting de AVE anuncia que el Sr. Gustavo M\u00f3dica no participar\u00e1 m\u00e1s de la entidad, debido a compromisos personales y laborales.<\/p>\n<p>A su vez, se comunica que la Subcomisi\u00f3n seguir\u00e1 trabajando en mejoras para el kart\u00f3dromo y ya se est\u00e1n delineando los par\u00e1metros para el campeonato 2014 que tendr\u00e1 mucha novedades.<\/p>\n<p><strong>CENA DE FIN DE A\u00d1O<\/strong><\/p>\n<p>La familia del Karting Cuyano tendr\u00e1 su cena de fin de a\u00f1o. Ser\u00e1 un encuentro de camarader\u00eda donde se reunir\u00e1n pilotos, sus familiares y amigos, equipos de competenci\u00f3n, prensa deportiva y todos los allegados a la actividad.<\/p>\n<p>El encuentro se realizar\u00e1 el jueves 19 de diciembre en un restoran de San Mart\u00edn, donde se brindar\u00e1 un men\u00fa de parrilla libre, bebidas, postre y acompa\u00f1ado con un evento humor\u00edstico y musical. En el evento se entregar\u00e1n distinciones a personalidades del ambiente y a los pilotos presentes.<\/p>\n<p>Los interesados deber\u00e1n contactar a\u00a0<strong>Jos\u00e9 Bravo<\/strong>\u00a0durante s\u00e1bado y domingo para las reservas de tarjetas, o bien, comunicarse al celular\u00a0<strong>0261 \u2013 153534316<\/strong>\u00a0\u00f3 al nextel\u00a0<strong>677*3295<\/strong>.<\/p>\n","protected":false},"excerpt":{"rendered":"<p>El fin de semana el Karting Cuyano llega a su fin. La temporada 2013 se<\/p>\n","protected":false},"author":1,"featured_media":10004,"comment_status":"open","ping_status":"closed","sticky":false,"template":"","format":"standard","meta":{"footnotes":""},"categories":[4],"tags":[],"class_list":["post-10003","post","type-post","status-publish","format-standard","has-post-thumbnail","hentry","category-karting"],"featured_image_urls":{"full":["https:\/\/curva1.com.ar\/wp-content\/uploads\/2013\/11\/IMG_0734.jpg",500,281,false],"thumbnail":["https:\/\/curva1.com.ar\/wp-content\/uploads\/2013\/11\/IMG_0734-300x169.jpg",300,169,true],"medium":["https:\/\/curva1.com.ar\/wp-content\/uploads\/2013\/11\/IMG_0734.jpg",500,281,false],"medium_large":["https:\/\/curva1.com.ar\/wp-content\/uploads\/2013\/11\/IMG_0734.jpg",500,281,false],"large":["https:\/\/curva1.com.ar\/wp-content\/uploads\/2013\/11\/IMG_0734.jpg",500,281,false],"1536x1536":["https:\/\/curva1.com.ar\/wp-content\/uploads\/2013\/11\/IMG_0734.jpg",500,281,false],"2048x2048":["https:\/\/curva1.com.ar\/wp-content\/uploads\/2013\/11\/IMG_0734.jpg",500,281,false],"chromenews-featured":["https:\/\/curva1.com.ar\/wp-content\/uploads\/2013\/11\/IMG_0734.jpg",500,281,false],"chromenews-large":["https:\/\/curva1.com.ar\/wp-content\/uploads\/2013\/11\/IMG_0734.jpg",500,281,false],"chromenews-medium":["https:\/\/curva1.com.ar\/wp-content\/uploads\/2013\/11\/IMG_0734.jpg",500,281,false]},"author_info":{"display_name":"Jos\u00e9 Bravo","author_link":"https:\/\/curva1.com.ar\/?author=1"},"category_info":"<a href=\"https:\/\/curva1.com.ar\/?cat=4\" rel=\"category\">Karting Asfalto<\/a>","tag_info":"Karting Asfalto","comment_count":"0","_links":{"self":[{"href":"https:\/\/curva1.com.ar\/index.php?rest_route=\/wp\/v2\/posts\/10003","targetHints":{"allow":["GET"]}}],"collection":[{"href":"https:\/\/curva1.com.ar\/index.php?rest_route=\/wp\/v2\/posts"}],"about":[{"href":"https:\/\/curva1.com.ar\/index.php?rest_route=\/wp\/v2\/types\/post"}],"author":[{"embeddable":true,"href":"https:\/\/curva1.com.ar\/index.php?rest_route=\/wp\/v2\/users\/1"}],"replies":[{"embeddable":true,"href":"https:\/\/curva1.com.ar\/index.php?rest_route=%2Fwp%2Fv2%2Fcomments&post=10003"}],"version-history":[{"count":2,"href":"https:\/\/curva1.com.ar\/index.php?rest_route=\/wp\/v2\/posts\/10003\/revisions"}],"predecessor-version":[{"id":10006,"href":"https:\/\/curva1.com.ar\/index.php?rest_route=\/wp\/v2\/posts\/10003\/revisions\/10006"}],"wp:featuredmedia":[{"embeddable":true,"href":"https:\/\/curva1.com.ar\/index.php?rest_route=\/wp\/v2\/media\/10004"}],"wp:attachment":[{"href":"https:\/\/curva1.com.ar\/index.php?rest_route=%2Fwp%2Fv2%2Fmedia&parent=10003"}],"wp:term":[{"taxonomy":"category","embeddable":true,"href":"https:\/\/curva1.com.ar\/index.php?rest_route=%2Fwp%2Fv2%2Fcategories&post=10003"},{"taxonomy":"post_tag","embeddable":true,"href":"https:\/\/curva1.com.ar\/index.php?rest_route=%2Fwp%2Fv2%2Ftags&post=10003"}],"curies":[{"name":"wp","href":"https:\/\/api.w.org\/{rel}","templated":true}]}}