{"id":10307,"date":"2013-12-26T18:11:34","date_gmt":"2013-12-26T21:11:34","guid":{"rendered":"http:\/\/www.curva1.com.ar\/?p=10307"},"modified":"2014-01-15T23:27:18","modified_gmt":"2014-01-16T02:27:18","slug":"se-postero-el-desafio-de-pilotos-mendocinos-2013","status":"publish","type":"post","link":"https:\/\/curva1.com.ar\/?p=10307","title":{"rendered":"Se posterg\u00f3 el Desaf\u00edo de Pilotos Mendocinos 2013"},"content":{"rendered":"<p><img loading=\"lazy\" decoding=\"async\" class=\"aligncenter size-full wp-image-10309\" alt=\"IMG_5294\" src=\"http:\/\/www.curva1.com.ar\/wp-content\/uploads\/2013\/12\/IMG_5294.jpg\" width=\"500\" height=\"281\" srcset=\"https:\/\/curva1.com.ar\/wp-content\/uploads\/2013\/12\/IMG_5294.jpg 500w, https:\/\/curva1.com.ar\/wp-content\/uploads\/2013\/12\/IMG_5294-300x169.jpg 300w\" sizes=\"auto, (max-width: 500px) 100vw, 500px\" \/><\/p>\n<p>La &#8220;cl\u00e1sica&#8221; competencia en karting amateur que reune desde hace varios a\u00f1os a los pilotos mendocinos destacados del a\u00f1o y periodistas de automovilismo, no se realizar\u00e1 este a\u00f1o y pasar\u00e1 para febrero de 2014.<\/p>\n<p>La decisi\u00f3n fue tomada en conjunto entre los organizadores Diego Esp\u00f3sito (Diario Los Andes) y Jos\u00e9 Bravo (Curva 1), exponiendo como \u00fanica raz\u00f3n respetar el momento de luto que pasa el automovilismo local luego del fallecimiento del periodista Gabriel Garc\u00eda Moyano, su esposa y su hijo mayor.<\/p>\n<p>Se pide disculpas a todas las personas que consultaron sobre la realizaci\u00f3n del &#8220;Desaf\u00edo de Pilotos Mendocinos&#8221; y se espera sepan entender las raz\u00f3n expuesta.<\/p>\n<p><img loading=\"lazy\" decoding=\"async\" class=\"aligncenter size-full wp-image-10308\" alt=\"IMG_5248\" src=\"http:\/\/www.curva1.com.ar\/wp-content\/uploads\/2013\/12\/IMG_5248.jpg\" width=\"500\" height=\"281\" srcset=\"https:\/\/curva1.com.ar\/wp-content\/uploads\/2013\/12\/IMG_5248.jpg 500w, https:\/\/curva1.com.ar\/wp-content\/uploads\/2013\/12\/IMG_5248-300x169.jpg 300w\" sizes=\"auto, (max-width: 500px) 100vw, 500px\" \/><\/p>\n","protected":false},"excerpt":{"rendered":"<p>La &#8220;cl\u00e1sica&#8221; competencia en karting amateur que reune desde hace varios a\u00f1os a los pilotos<\/p>\n","protected":false},"author":1,"featured_media":10309,"comment_status":"open","ping_status":"closed","sticky":false,"template":"","format":"standard","meta":{"footnotes":""},"categories":[31],"tags":[],"class_list":["post-10307","post","type-post","status-publish","format-standard","has-post-thumbnail","hentry","category-desafio-de-pilotos"],"featured_image_urls":{"full":["https:\/\/curva1.com.ar\/wp-content\/uploads\/2013\/12\/IMG_5294.jpg",500,281,false],"thumbnail":["https:\/\/curva1.com.ar\/wp-content\/uploads\/2013\/12\/IMG_5294-300x169.jpg",300,169,true],"medium":["https:\/\/curva1.com.ar\/wp-content\/uploads\/2013\/12\/IMG_5294.jpg",500,281,false],"medium_large":["https:\/\/curva1.com.ar\/wp-content\/uploads\/2013\/12\/IMG_5294.jpg",500,281,false],"large":["https:\/\/curva1.com.ar\/wp-content\/uploads\/2013\/12\/IMG_5294.jpg",500,281,false],"1536x1536":["https:\/\/curva1.com.ar\/wp-content\/uploads\/2013\/12\/IMG_5294.jpg",500,281,false],"2048x2048":["https:\/\/curva1.com.ar\/wp-content\/uploads\/2013\/12\/IMG_5294.jpg",500,281,false],"chromenews-featured":["https:\/\/curva1.com.ar\/wp-content\/uploads\/2013\/12\/IMG_5294.jpg",500,281,false],"chromenews-large":["https:\/\/curva1.com.ar\/wp-content\/uploads\/2013\/12\/IMG_5294.jpg",500,281,false],"chromenews-medium":["https:\/\/curva1.com.ar\/wp-content\/uploads\/2013\/12\/IMG_5294.jpg",500,281,false]},"author_info":{"display_name":"Jos\u00e9 Bravo","author_link":"https:\/\/curva1.com.ar\/?author=1"},"category_info":"<a href=\"https:\/\/curva1.com.ar\/?cat=31\" rel=\"category\">Desaf\u00edo de Pilotos<\/a>","tag_info":"Desaf\u00edo de Pilotos","comment_count":"0","_links":{"self":[{"href":"https:\/\/curva1.com.ar\/index.php?rest_route=\/wp\/v2\/posts\/10307","targetHints":{"allow":["GET"]}}],"collection":[{"href":"https:\/\/curva1.com.ar\/index.php?rest_route=\/wp\/v2\/posts"}],"about":[{"href":"https:\/\/curva1.com.ar\/index.php?rest_route=\/wp\/v2\/types\/post"}],"author":[{"embeddable":true,"href":"https:\/\/curva1.com.ar\/index.php?rest_route=\/wp\/v2\/users\/1"}],"replies":[{"embeddable":true,"href":"https:\/\/curva1.com.ar\/index.php?rest_route=%2Fwp%2Fv2%2Fcomments&post=10307"}],"version-history":[{"count":4,"href":"https:\/\/curva1.com.ar\/index.php?rest_route=\/wp\/v2\/posts\/10307\/revisions"}],"predecessor-version":[{"id":10456,"href":"https:\/\/curva1.com.ar\/index.php?rest_route=\/wp\/v2\/posts\/10307\/revisions\/10456"}],"wp:featuredmedia":[{"embeddable":true,"href":"https:\/\/curva1.com.ar\/index.php?rest_route=\/wp\/v2\/media\/10309"}],"wp:attachment":[{"href":"https:\/\/curva1.com.ar\/index.php?rest_route=%2Fwp%2Fv2%2Fmedia&parent=10307"}],"wp:term":[{"taxonomy":"category","embeddable":true,"href":"https:\/\/curva1.com.ar\/index.php?rest_route=%2Fwp%2Fv2%2Fcategories&post=10307"},{"taxonomy":"post_tag","embeddable":true,"href":"https:\/\/curva1.com.ar\/index.php?rest_route=%2Fwp%2Fv2%2Ftags&post=10307"}],"curies":[{"name":"wp","href":"https:\/\/api.w.org\/{rel}","templated":true}]}}