{"id":1066,"date":"2012-09-11T13:20:10","date_gmt":"2012-09-11T16:20:10","guid":{"rendered":"http:\/\/www.curva1.com.ar\/?p=1066"},"modified":"2012-09-11T13:20:10","modified_gmt":"2012-09-11T16:20:10","slug":"franco-girolami-gano-en-el-tc2000-por-tercera-vez-consecutiva","status":"publish","type":"post","link":"https:\/\/curva1.com.ar\/?p=1066","title":{"rendered":"Franco Girolami gan\u00f3 en el TC2000 por tercera vez consecutiva"},"content":{"rendered":"<p><img loading=\"lazy\" decoding=\"async\" class=\"aligncenter size-full wp-image-1067\" title=\"_821564\" src=\"http:\/\/www.curva1.com.ar\/wp-content\/uploads\/2012\/09\/821564.jpg\" alt=\"\" width=\"500\" height=\"281\" srcset=\"https:\/\/curva1.com.ar\/wp-content\/uploads\/2012\/09\/821564.jpg 500w, https:\/\/curva1.com.ar\/wp-content\/uploads\/2012\/09\/821564-300x168.jpg 300w\" sizes=\"auto, (max-width: 500px) 100vw, 500px\" \/><\/p>\n<p>Franco Girolami, una vez m\u00e1s se alzo con la victoria dentro del TC 2000, en esta oportunidad fue en tierras mendocinas donde la categor\u00eda llevo a cabo su 6ta fecha. Con su tercer triunfo consecutivo, el de Isla Verde saco diferencias en el certamen y sigue camino a su objetivo que es el t\u00edtulo.<\/p>\n<p>La jornada de Domingo se presento bajo una intensa llovizna lo cual obligo a tomar ciertos recaudos minutos antes de la largada oficial. Franco en conjunto con el Pro-Racing decidieron que lo adecuado era largar con neum\u00e1tico para lluvia ya que el circuito estaba h\u00famedo y con charcos en sectores claves.<\/p>\n<p>Desde el inicio de la 6ta final, Girolami saco ventaja a sus rivales plasmando el gran potencial del Fiat L\u00ednea; la competencia fue interrumpida sola una vez por el auto de seguridad, esto no influyo en la performance de Franco quien volvi\u00f3 a tomar ventaja sobre su antecesor Federico Carabetta\u00a0 y volvi\u00f3 a cerrar un fin de semana perfecto dentro de la categor\u00eda que lo tiene como el protagonista a batir.<\/p>\n<p>El Campeonato contin\u00faa lider\u00e1ndolo Franco, quien ahora suma 129 unidades, seguido por Ignacio Juli\u00e1n (115pts), Federico Ensslin (76), Agust\u00edn Calamari (55) y Sebasti\u00e1n Mart\u00ednez (52).<\/p>\n<p>La pr\u00f3xima fecha de la especialidad ser\u00e1 el fin de semana del 30 de Septiembre en el aut\u00f3dromo \u201cParque Ciudad de R\u00edo Cuarto\u201d.<\/p>\n<p><strong>\u201cVolvimos a tener un gran fin de semana, dominamos cada jornada y ganamos la tercer final de manera consecutiva dentro de la categor\u00eda. Todo lo que venimos realizando es gracias al excelente trabajo de cada integrante del Pro-Racing, juntos logramos un buen conjunto y los resultados est\u00e1n a la vista. Con respecto a la final, tomamos los recaudos en las primeras vueltas y despu\u00e9s pusimos todo para lograr otra victoria y as\u00ed se dio. Sacamos una buena victoria en el certamen,\u00a0 en Rio Cuarto buscaremos seguir por este camino que tiene como meta el campeonato.\u201d<\/strong> Dijo Franco<\/p>\n","protected":false},"excerpt":{"rendered":"<p>Franco Girolami, una vez m\u00e1s se alzo con la victoria dentro del TC 2000, en<\/p>\n","protected":false},"author":1,"featured_media":1067,"comment_status":"open","ping_status":"closed","sticky":false,"template":"","format":"standard","meta":{"footnotes":""},"categories":[6],"tags":[],"class_list":["post-1066","post","type-post","status-publish","format-standard","has-post-thumbnail","hentry","category-nacionales"],"featured_image_urls":{"full":["https:\/\/curva1.com.ar\/wp-content\/uploads\/2012\/09\/821564.jpg",500,281,false],"thumbnail":["https:\/\/curva1.com.ar\/wp-content\/uploads\/2012\/09\/821564-150x150.jpg",150,150,true],"medium":["https:\/\/curva1.com.ar\/wp-content\/uploads\/2012\/09\/821564-300x168.jpg",300,168,true],"medium_large":["https:\/\/curva1.com.ar\/wp-content\/uploads\/2012\/09\/821564.jpg",500,281,false],"large":["https:\/\/curva1.com.ar\/wp-content\/uploads\/2012\/09\/821564.jpg",500,281,false],"1536x1536":["https:\/\/curva1.com.ar\/wp-content\/uploads\/2012\/09\/821564.jpg",500,281,false],"2048x2048":["https:\/\/curva1.com.ar\/wp-content\/uploads\/2012\/09\/821564.jpg",500,281,false],"chromenews-featured":["https:\/\/curva1.com.ar\/wp-content\/uploads\/2012\/09\/821564.jpg",500,281,false],"chromenews-large":["https:\/\/curva1.com.ar\/wp-content\/uploads\/2012\/09\/821564.jpg",500,281,false],"chromenews-medium":["https:\/\/curva1.com.ar\/wp-content\/uploads\/2012\/09\/821564.jpg",500,281,false]},"author_info":{"display_name":"Jos\u00e9 Bravo","author_link":"https:\/\/curva1.com.ar\/?author=1"},"category_info":"<a href=\"https:\/\/curva1.com.ar\/?cat=6\" rel=\"category\">Nacionales<\/a>","tag_info":"Nacionales","comment_count":"0","_links":{"self":[{"href":"https:\/\/curva1.com.ar\/index.php?rest_route=\/wp\/v2\/posts\/1066","targetHints":{"allow":["GET"]}}],"collection":[{"href":"https:\/\/curva1.com.ar\/index.php?rest_route=\/wp\/v2\/posts"}],"about":[{"href":"https:\/\/curva1.com.ar\/index.php?rest_route=\/wp\/v2\/types\/post"}],"author":[{"embeddable":true,"href":"https:\/\/curva1.com.ar\/index.php?rest_route=\/wp\/v2\/users\/1"}],"replies":[{"embeddable":true,"href":"https:\/\/curva1.com.ar\/index.php?rest_route=%2Fwp%2Fv2%2Fcomments&post=1066"}],"version-history":[{"count":1,"href":"https:\/\/curva1.com.ar\/index.php?rest_route=\/wp\/v2\/posts\/1066\/revisions"}],"predecessor-version":[{"id":1068,"href":"https:\/\/curva1.com.ar\/index.php?rest_route=\/wp\/v2\/posts\/1066\/revisions\/1068"}],"wp:featuredmedia":[{"embeddable":true,"href":"https:\/\/curva1.com.ar\/index.php?rest_route=\/wp\/v2\/media\/1067"}],"wp:attachment":[{"href":"https:\/\/curva1.com.ar\/index.php?rest_route=%2Fwp%2Fv2%2Fmedia&parent=1066"}],"wp:term":[{"taxonomy":"category","embeddable":true,"href":"https:\/\/curva1.com.ar\/index.php?rest_route=%2Fwp%2Fv2%2Fcategories&post=1066"},{"taxonomy":"post_tag","embeddable":true,"href":"https:\/\/curva1.com.ar\/index.php?rest_route=%2Fwp%2Fv2%2Ftags&post=1066"}],"curies":[{"name":"wp","href":"https:\/\/api.w.org\/{rel}","templated":true}]}}