{"id":1093,"date":"2012-09-11T13:57:16","date_gmt":"2012-09-11T16:57:16","guid":{"rendered":"http:\/\/www.curva1.com.ar\/?p=1093"},"modified":"2012-09-11T14:26:28","modified_gmt":"2012-09-11T17:26:28","slug":"el-pista-san-luis-se-suspendio-por-lluvia-y-correra-en-octubre","status":"publish","type":"post","link":"https:\/\/curva1.com.ar\/?p=1093","title":{"rendered":"El Pista San Lu\u00eds se suspendi\u00f3 por lluvia y correr\u00e1 en octubre"},"content":{"rendered":"<p><img loading=\"lazy\" decoding=\"async\" class=\"alignleft size-full wp-image-1094\" title=\"LOGO_FRAD\" src=\"http:\/\/www.curva1.com.ar\/wp-content\/uploads\/2012\/09\/LOGO_FRAD.jpg\" alt=\"\" width=\"200\" height=\"113\" \/>La federaci\u00f3n, se puso en conocimiento que la culminaci\u00f3n de la septima fecha del Pista San Luis, suspendida por condiciones\u00a0clim\u00e1ticas\u00a0el pasado fin de semana del 9 de Septiembre, se llevara a cabo el dia SABADO 27 de Octubre. La octava fecha se realizar\u00e1 con total normalidad el dia Domingo 28 de Octubre, como estaba pactada por calendario.<\/p>\n","protected":false},"excerpt":{"rendered":"<p>La federaci\u00f3n, se puso en conocimiento que la culminaci\u00f3n de la septima fecha del Pista<\/p>\n","protected":false},"author":1,"featured_media":1094,"comment_status":"open","ping_status":"closed","sticky":false,"template":"","format":"standard","meta":{"footnotes":""},"categories":[1],"tags":[],"class_list":["post-1093","post","type-post","status-publish","format-standard","has-post-thumbnail","hentry","category-zonal-cuyano"],"featured_image_urls":{"full":["https:\/\/curva1.com.ar\/wp-content\/uploads\/2012\/09\/LOGO_FRAD.jpg",200,113,false],"thumbnail":["https:\/\/curva1.com.ar\/wp-content\/uploads\/2012\/09\/LOGO_FRAD-150x113.jpg",150,113,true],"medium":["https:\/\/curva1.com.ar\/wp-content\/uploads\/2012\/09\/LOGO_FRAD.jpg",200,113,false],"medium_large":["https:\/\/curva1.com.ar\/wp-content\/uploads\/2012\/09\/LOGO_FRAD.jpg",200,113,false],"large":["https:\/\/curva1.com.ar\/wp-content\/uploads\/2012\/09\/LOGO_FRAD.jpg",200,113,false],"1536x1536":["https:\/\/curva1.com.ar\/wp-content\/uploads\/2012\/09\/LOGO_FRAD.jpg",200,113,false],"2048x2048":["https:\/\/curva1.com.ar\/wp-content\/uploads\/2012\/09\/LOGO_FRAD.jpg",200,113,false],"chromenews-featured":["https:\/\/curva1.com.ar\/wp-content\/uploads\/2012\/09\/LOGO_FRAD.jpg",200,113,false],"chromenews-large":["https:\/\/curva1.com.ar\/wp-content\/uploads\/2012\/09\/LOGO_FRAD.jpg",200,113,false],"chromenews-medium":["https:\/\/curva1.com.ar\/wp-content\/uploads\/2012\/09\/LOGO_FRAD.jpg",200,113,false]},"author_info":{"display_name":"Jos\u00e9 Bravo","author_link":"https:\/\/curva1.com.ar\/?author=1"},"category_info":"<a href=\"https:\/\/curva1.com.ar\/?cat=1\" rel=\"category\">Zonal Cuyano<\/a>","tag_info":"Zonal Cuyano","comment_count":"0","_links":{"self":[{"href":"https:\/\/curva1.com.ar\/index.php?rest_route=\/wp\/v2\/posts\/1093","targetHints":{"allow":["GET"]}}],"collection":[{"href":"https:\/\/curva1.com.ar\/index.php?rest_route=\/wp\/v2\/posts"}],"about":[{"href":"https:\/\/curva1.com.ar\/index.php?rest_route=\/wp\/v2\/types\/post"}],"author":[{"embeddable":true,"href":"https:\/\/curva1.com.ar\/index.php?rest_route=\/wp\/v2\/users\/1"}],"replies":[{"embeddable":true,"href":"https:\/\/curva1.com.ar\/index.php?rest_route=%2Fwp%2Fv2%2Fcomments&post=1093"}],"version-history":[{"count":2,"href":"https:\/\/curva1.com.ar\/index.php?rest_route=\/wp\/v2\/posts\/1093\/revisions"}],"predecessor-version":[{"id":1110,"href":"https:\/\/curva1.com.ar\/index.php?rest_route=\/wp\/v2\/posts\/1093\/revisions\/1110"}],"wp:featuredmedia":[{"embeddable":true,"href":"https:\/\/curva1.com.ar\/index.php?rest_route=\/wp\/v2\/media\/1094"}],"wp:attachment":[{"href":"https:\/\/curva1.com.ar\/index.php?rest_route=%2Fwp%2Fv2%2Fmedia&parent=1093"}],"wp:term":[{"taxonomy":"category","embeddable":true,"href":"https:\/\/curva1.com.ar\/index.php?rest_route=%2Fwp%2Fv2%2Fcategories&post=1093"},{"taxonomy":"post_tag","embeddable":true,"href":"https:\/\/curva1.com.ar\/index.php?rest_route=%2Fwp%2Fv2%2Ftags&post=1093"}],"curies":[{"name":"wp","href":"https:\/\/api.w.org\/{rel}","templated":true}]}}