{"id":11069,"date":"2014-03-17T12:32:49","date_gmt":"2014-03-17T15:32:49","guid":{"rendered":"http:\/\/www.curva1.com.ar\/?p=11069"},"modified":"2014-03-17T12:36:12","modified_gmt":"2014-03-17T15:36:12","slug":"mendocinos-festejaron-de-local-en-el-inicio-del-argentino-de-enduro","status":"publish","type":"post","link":"https:\/\/curva1.com.ar\/?p=11069","title":{"rendered":"Mendocinos festejaron de local en el inicio del Argentino de Enduro"},"content":{"rendered":"<p><img loading=\"lazy\" decoding=\"async\" class=\"aligncenter size-full wp-image-11070\" alt=\"gal-591692\" src=\"http:\/\/www.curva1.com.ar\/wp-content\/uploads\/2014\/03\/gal-591692.jpg\" width=\"720\" height=\"405\" srcset=\"https:\/\/curva1.com.ar\/wp-content\/uploads\/2014\/03\/gal-591692.jpg 720w, https:\/\/curva1.com.ar\/wp-content\/uploads\/2014\/03\/gal-591692-300x169.jpg 300w, https:\/\/curva1.com.ar\/wp-content\/uploads\/2014\/03\/gal-591692-600x337.jpg 600w\" sizes=\"auto, (max-width: 720px) 100vw, 720px\" \/><\/p>\n<p>El arranque de temporada fue a pedir de Mendoza. Si lo de la primera jornada ya hab\u00eda sido destacado, lo de ayer fue mucho mejor debido a que cinco de las siete categor\u00edas del campeonato Argentino fueron dominadas por enduristas nacidos en nuestras tierras.<\/p>\n<p>Franco Caimi, Federico Ortega, Juan Cruz Castillo, Nicol\u00e1s Pucci y Diego Vargas sobresalieron en el \u00faltimo d\u00eda de actividad realizado entre el circuito del Predio Ferial de Luj\u00e1n de Cuyo y el Enduro Test sobre las m\u00e1rgenes del R\u00edo Mendoza.<\/p>\n<p>Desde temprano, mucho p\u00fablico disfrut\u00f3 del espect\u00e1culo motocicl\u00edstico de primer nivel. Tanto la Asociaci\u00f3n Corredores de Enduro Mendoza como los integrantes de la Confederaci\u00f3n Argentina de Motociclismo Deportivo se llevaron las felicitaciones de los 172 pilotos que animaron la fecha. \u201cHac\u00eda mucho que no ve\u00eda un evento as\u00ed\u201d, se\u00f1al\u00f3 Erick Nevels, de la Camod.<\/p>\n<p>En cuanto a lo deportivo, la historia se repiti\u00f3 otra vez en Senior A. Acelerando como en el patio de casa, Franco Caimi cant\u00f3 victoria por segunda vez consecutiva a bordo de su KTM. Derrot\u00f3 al salte\u00f1o Kevin Benavides mientras que su hermano menor, Stefano, complet\u00f3 el podio. Otro Benavides, en este caso Luciano, y el neuquino Nicol\u00e1s Giustozzi llegaron m\u00e1s atr\u00e1s.<\/p>\n<p>Quien tambi\u00e9n tuvo festejo doble result\u00f3 ser Ortega. La Suzuki del subcampe\u00f3n nacional volvi\u00f3 a ser imbatible para Emiliano Carbonero, en tanto que Cristian Maldonado complet\u00f3 un podio netamente mendocino con el cordob\u00e9s C\u00e9sar Giordanengo y el sanrafaelino Ezequiel Morici detr\u00e1s suyo.<\/p>\n<p>Para San Juan se fue el triunfo de Junior A. Luciano Sosa impidi\u00f3 que Mat\u00edas Cozzari volviera a cantar victoria ante su p\u00fablico. Andr\u00e9s Pont, Elio Fornetti y Octavio Zamora tambi\u00e9n tuvieron un gran labor compitiendo en la provincia.<\/p>\n<p>A su vez, el p\u00fablico local celebr\u00f3 con el \u00e9xito de Castillo en los B de Junior. Su coterr\u00e1neo Joaqu\u00edn Abraham lo secund\u00f3 y el rionegrino Nahim Nader Sol concluy\u00f3 tercero, en tanto que los cordobeses Hern\u00e1n Rivero y Maximiliano Alfonso llegaron cuarto y quinto.<\/p>\n<p>Otro que se impuso nuevamente fue el barilochense Carlos Zeiss. En Master Senior derrot\u00f3 a los locales Fernando Cuoghi y Mauricio Malano, mientras que el rionegrino Gustavo Milohanich y el palmirense Mart\u00edn Lentini concluyeron detr\u00e1s de los m\u00e1s veloces.<\/p>\n<p>Juan Carlos Cogo, Rub\u00e9n Mart\u00ednez, el riojano Julio Mezher y Cristian Baslut no pudieron con Vargas. En ese orden se clasificaron, sin lograr batir al endurista local que alcanz\u00f3 su segundo \u00e9xito seguido en los Junior de Master.<\/p>\n<p>Por \u00faltimo, el joven y prometedor Pucci se hizo fuerte tanto en el dibujo que mezcl\u00f3 enduro con cross como en el especial realizado sobre el complejo Alma de Lunlunta. As\u00ed, volvi\u00f3 a ganar en Promocional con los cordobeses Tom\u00e1s Ju\u00e1rez Beltr\u00e1n, Agust\u00edn Marcuzzi y Facundo Godoy y el riojano Pablo Mart\u00ednez a sus espaldas.<\/p>\n<p>De esta manera, Caimi, Ortega, Cozzari, Vargas y Pucci quedaron en la cima de los campeonatos de sus respectivas divisionales, por lo que tendr\u00e1n que defender el liderazgo en la pr\u00f3xima fecha (segunda del calendario) que se llevar\u00e1 a cabo entre los d\u00edas 18 y 20 de abril en San Salvador de Jujuy.<\/p>\n<p>M\u00e1s Deportes &#8211; Los Andes<\/p>\n","protected":false},"excerpt":{"rendered":"<p>El arranque de temporada fue a pedir de Mendoza. Si lo de la primera jornada<\/p>\n","protected":false},"author":1,"featured_media":11070,"comment_status":"open","ping_status":"closed","sticky":false,"template":"","format":"standard","meta":{"footnotes":""},"categories":[10],"tags":[],"class_list":["post-11069","post","type-post","status-publish","format-standard","has-post-thumbnail","hentry","category-motos"],"featured_image_urls":{"full":["https:\/\/curva1.com.ar\/wp-content\/uploads\/2014\/03\/gal-591692.jpg",720,405,false],"thumbnail":["https:\/\/curva1.com.ar\/wp-content\/uploads\/2014\/03\/gal-591692-300x169.jpg",300,169,true],"medium":["https:\/\/curva1.com.ar\/wp-content\/uploads\/2014\/03\/gal-591692-600x337.jpg",600,337,true],"medium_large":["https:\/\/curva1.com.ar\/wp-content\/uploads\/2014\/03\/gal-591692.jpg",640,360,false],"large":["https:\/\/curva1.com.ar\/wp-content\/uploads\/2014\/03\/gal-591692.jpg",640,360,false],"1536x1536":["https:\/\/curva1.com.ar\/wp-content\/uploads\/2014\/03\/gal-591692.jpg",720,405,false],"2048x2048":["https:\/\/curva1.com.ar\/wp-content\/uploads\/2014\/03\/gal-591692.jpg",720,405,false],"chromenews-featured":["https:\/\/curva1.com.ar\/wp-content\/uploads\/2014\/03\/gal-591692.jpg",720,405,false],"chromenews-large":["https:\/\/curva1.com.ar\/wp-content\/uploads\/2014\/03\/gal-591692.jpg",720,405,false],"chromenews-medium":["https:\/\/curva1.com.ar\/wp-content\/uploads\/2014\/03\/gal-591692.jpg",590,332,false]},"author_info":{"display_name":"Jos\u00e9 Bravo","author_link":"https:\/\/curva1.com.ar\/?author=1"},"category_info":"<a href=\"https:\/\/curva1.com.ar\/?cat=10\" rel=\"category\">Motos<\/a>","tag_info":"Motos","comment_count":"0","yoast_head":"<!-- This site is optimized with the Yoast SEO Premium plugin v14.7 - https:\/\/yoast.com\/wordpress\/plugins\/seo\/ -->\n<title>Mendocinos festejaron de local en el inicio del Argentino de Enduro - Curva 1<\/title>\n<meta name=\"robots\" content=\"index, follow\" \/>\n<meta name=\"googlebot\" content=\"index, follow, max-snippet:-1, max-image-preview:large, max-video-preview:-1\" \/>\n<meta name=\"bingbot\" content=\"index, follow, max-snippet:-1, max-image-preview:large, max-video-preview:-1\" \/>\n<link rel=\"canonical\" href=\"https:\/\/curva1.com.ar\/?p=11069\" \/>\n<meta property=\"og:locale\" content=\"en_US\" \/>\n<meta property=\"og:type\" content=\"article\" \/>\n<meta property=\"og:title\" content=\"Mendocinos festejaron de local en el inicio del Argentino de Enduro - Curva 1\" \/>\n<meta property=\"og:description\" content=\"El arranque de temporada fue a pedir de Mendoza. Si lo de la primera jornada\" \/>\n<meta property=\"og:url\" content=\"https:\/\/curva1.com.ar\/?p=11069\" \/>\n<meta property=\"og:site_name\" content=\"Curva 1\" \/>\n<meta property=\"article:publisher\" content=\"https:\/\/www.facebook.com\/revistacurva1\/\" \/>\n<meta property=\"article:published_time\" content=\"2014-03-17T15:32:49+00:00\" \/>\n<meta property=\"article:modified_time\" content=\"2014-03-17T15:36:12+00:00\" \/>\n<meta property=\"og:image\" content=\"https:\/\/curva1.com.ar\/wp-content\/uploads\/2014\/03\/gal-591692.jpg\" \/>\n\t<meta property=\"og:image:width\" content=\"720\" \/>\n\t<meta property=\"og:image:height\" content=\"405\" \/>\n<meta property=\"fb:app_id\" content=\"1593067817533208\" \/>\n<meta name=\"twitter:card\" content=\"summary_large_image\" \/>\n<meta name=\"twitter:creator\" content=\"@curva1mendoza\" \/>\n<meta name=\"twitter:site\" content=\"@curva1mendoza\" \/>\n<script type=\"application\/ld+json\" class=\"yoast-schema-graph\">{\"@context\":\"https:\/\/schema.org\",\"@graph\":[{\"@type\":\"WebSite\",\"@id\":\"https:\/\/curva1.com.ar\/#website\",\"url\":\"https:\/\/curva1.com.ar\/\",\"name\":\"Curva 1\",\"description\":\"Automovilismo de Mendoza\",\"potentialAction\":[{\"@type\":\"SearchAction\",\"target\":\"https:\/\/curva1.com.ar\/?s={search_term_string}\",\"query-input\":\"required name=search_term_string\"}],\"inLanguage\":\"en-US\"},{\"@type\":\"ImageObject\",\"@id\":\"https:\/\/curva1.com.ar\/?p=11069#primaryimage\",\"inLanguage\":\"en-US\",\"url\":\"https:\/\/curva1.com.ar\/wp-content\/uploads\/2014\/03\/gal-591692.jpg\",\"width\":720,\"height\":405},{\"@type\":\"WebPage\",\"@id\":\"https:\/\/curva1.com.ar\/?p=11069#webpage\",\"url\":\"https:\/\/curva1.com.ar\/?p=11069\",\"name\":\"Mendocinos festejaron de local en el inicio del Argentino de Enduro - Curva 1\",\"isPartOf\":{\"@id\":\"https:\/\/curva1.com.ar\/#website\"},\"primaryImageOfPage\":{\"@id\":\"https:\/\/curva1.com.ar\/?p=11069#primaryimage\"},\"datePublished\":\"2014-03-17T15:32:49+00:00\",\"dateModified\":\"2014-03-17T15:36:12+00:00\",\"author\":{\"@id\":\"https:\/\/curva1.com.ar\/#\/schema\/person\/f5fd12984d70df7314fbd9ab42f31033\"},\"inLanguage\":\"en-US\",\"potentialAction\":[{\"@type\":\"ReadAction\",\"target\":[\"https:\/\/curva1.com.ar\/?p=11069\"]}]},{\"@type\":[\"Person\"],\"@id\":\"https:\/\/curva1.com.ar\/#\/schema\/person\/f5fd12984d70df7314fbd9ab42f31033\",\"name\":\"Jos\\u00e9 Bravo\",\"image\":{\"@type\":\"ImageObject\",\"@id\":\"https:\/\/curva1.com.ar\/#personlogo\",\"inLanguage\":\"en-US\",\"url\":\"https:\/\/secure.gravatar.com\/avatar\/3ae0b1fdc6ddeb723a6e6c23609ed39de1d40a94b8112fd2c0c2032e2dabf28b?s=96&d=identicon&r=g\",\"caption\":\"Jos\\u00e9 Bravo\"}}]}<\/script>\n<!-- \/ Yoast SEO Premium plugin. -->","_links":{"self":[{"href":"https:\/\/curva1.com.ar\/index.php?rest_route=\/wp\/v2\/posts\/11069","targetHints":{"allow":["GET"]}}],"collection":[{"href":"https:\/\/curva1.com.ar\/index.php?rest_route=\/wp\/v2\/posts"}],"about":[{"href":"https:\/\/curva1.com.ar\/index.php?rest_route=\/wp\/v2\/types\/post"}],"author":[{"embeddable":true,"href":"https:\/\/curva1.com.ar\/index.php?rest_route=\/wp\/v2\/users\/1"}],"replies":[{"embeddable":true,"href":"https:\/\/curva1.com.ar\/index.php?rest_route=%2Fwp%2Fv2%2Fcomments&post=11069"}],"version-history":[{"count":2,"href":"https:\/\/curva1.com.ar\/index.php?rest_route=\/wp\/v2\/posts\/11069\/revisions"}],"predecessor-version":[{"id":11072,"href":"https:\/\/curva1.com.ar\/index.php?rest_route=\/wp\/v2\/posts\/11069\/revisions\/11072"}],"wp:featuredmedia":[{"embeddable":true,"href":"https:\/\/curva1.com.ar\/index.php?rest_route=\/wp\/v2\/media\/11070"}],"wp:attachment":[{"href":"https:\/\/curva1.com.ar\/index.php?rest_route=%2Fwp%2Fv2%2Fmedia&parent=11069"}],"wp:term":[{"taxonomy":"category","embeddable":true,"href":"https:\/\/curva1.com.ar\/index.php?rest_route=%2Fwp%2Fv2%2Fcategories&post=11069"},{"taxonomy":"post_tag","embeddable":true,"href":"https:\/\/curva1.com.ar\/index.php?rest_route=%2Fwp%2Fv2%2Ftags&post=11069"}],"curies":[{"name":"wp","href":"https:\/\/api.w.org\/{rel}","templated":true}]}}