{"id":1129,"date":"2012-09-12T02:18:06","date_gmt":"2012-09-12T05:18:06","guid":{"rendered":"http:\/\/www.curva1.com.ar\/?p=1129"},"modified":"2012-09-12T02:28:59","modified_gmt":"2012-09-12T05:28:59","slug":"el-mendocno-jorge-vitar-corrio-en-mar-del-plata-luego-de-dos-anos","status":"publish","type":"post","link":"https:\/\/curva1.com.ar\/?p=1129","title":{"rendered":"El mendocino Jorge Vitar corri\u00f3 en Mar del Plata luego de dos a\u00f1os"},"content":{"rendered":"<p><img loading=\"lazy\" decoding=\"async\" class=\"aligncenter size-full wp-image-1130\" title=\"P1760190-800x600\" src=\"http:\/\/www.curva1.com.ar\/wp-content\/uploads\/2012\/09\/P1760190-800x600.jpg\" alt=\"\" width=\"500\" height=\"281\" srcset=\"https:\/\/curva1.com.ar\/wp-content\/uploads\/2012\/09\/P1760190-800x600.jpg 500w, https:\/\/curva1.com.ar\/wp-content\/uploads\/2012\/09\/P1760190-800x600-300x168.jpg 300w\" sizes=\"auto, (max-width: 500px) 100vw, 500px\" \/><\/p>\n<p>Jorge Vitar regres\u00f3 a competir al circuito de Mar del Plata luego de dos a\u00f1os, donde en aquella ocasi\u00f3n por el Campeonato Argentino hab\u00eda triunfado en Pre J\u00fanior. Esta vez fue por la 6\u00ba y 7\u00ba fecha de Prokart que sirvi\u00f3 como preparaci\u00f3n para la fecha del Campeonato Argentino que se correr\u00e1 en octubre.<\/p>\n<p><strong>Ver nota completa en la web oficial:<\/strong><\/p>\n<h1 style=\"text-align: center;\"><a href=\"http:\/\/jorgevitar.com.ar\/?p=593\" target=\"_blank\"><strong>www.jorgevitar.com.ar<\/strong><\/a><\/h1>\n<p style=\"text-align: center;\"><strong>Sitio Administrado por Curva 1 KART<\/strong><\/p>\n","protected":false},"excerpt":{"rendered":"<p>Jorge Vitar regres\u00f3 a competir al circuito de Mar del Plata luego de dos a\u00f1os,<\/p>\n","protected":false},"author":1,"featured_media":1130,"comment_status":"open","ping_status":"closed","sticky":false,"template":"","format":"standard","meta":{"footnotes":""},"categories":[4],"tags":[],"class_list":["post-1129","post","type-post","status-publish","format-standard","has-post-thumbnail","hentry","category-karting"],"featured_image_urls":{"full":["https:\/\/curva1.com.ar\/wp-content\/uploads\/2012\/09\/P1760190-800x600.jpg",500,281,false],"thumbnail":["https:\/\/curva1.com.ar\/wp-content\/uploads\/2012\/09\/P1760190-800x600-150x150.jpg",150,150,true],"medium":["https:\/\/curva1.com.ar\/wp-content\/uploads\/2012\/09\/P1760190-800x600-300x168.jpg",300,168,true],"medium_large":["https:\/\/curva1.com.ar\/wp-content\/uploads\/2012\/09\/P1760190-800x600.jpg",500,281,false],"large":["https:\/\/curva1.com.ar\/wp-content\/uploads\/2012\/09\/P1760190-800x600.jpg",500,281,false],"1536x1536":["https:\/\/curva1.com.ar\/wp-content\/uploads\/2012\/09\/P1760190-800x600.jpg",500,281,false],"2048x2048":["https:\/\/curva1.com.ar\/wp-content\/uploads\/2012\/09\/P1760190-800x600.jpg",500,281,false],"chromenews-featured":["https:\/\/curva1.com.ar\/wp-content\/uploads\/2012\/09\/P1760190-800x600.jpg",500,281,false],"chromenews-large":["https:\/\/curva1.com.ar\/wp-content\/uploads\/2012\/09\/P1760190-800x600.jpg",500,281,false],"chromenews-medium":["https:\/\/curva1.com.ar\/wp-content\/uploads\/2012\/09\/P1760190-800x600.jpg",500,281,false]},"author_info":{"display_name":"Jos\u00e9 Bravo","author_link":"https:\/\/curva1.com.ar\/?author=1"},"category_info":"<a href=\"https:\/\/curva1.com.ar\/?cat=4\" rel=\"category\">Karting Asfalto<\/a>","tag_info":"Karting Asfalto","comment_count":"0","_links":{"self":[{"href":"https:\/\/curva1.com.ar\/index.php?rest_route=\/wp\/v2\/posts\/1129","targetHints":{"allow":["GET"]}}],"collection":[{"href":"https:\/\/curva1.com.ar\/index.php?rest_route=\/wp\/v2\/posts"}],"about":[{"href":"https:\/\/curva1.com.ar\/index.php?rest_route=\/wp\/v2\/types\/post"}],"author":[{"embeddable":true,"href":"https:\/\/curva1.com.ar\/index.php?rest_route=\/wp\/v2\/users\/1"}],"replies":[{"embeddable":true,"href":"https:\/\/curva1.com.ar\/index.php?rest_route=%2Fwp%2Fv2%2Fcomments&post=1129"}],"version-history":[{"count":3,"href":"https:\/\/curva1.com.ar\/index.php?rest_route=\/wp\/v2\/posts\/1129\/revisions"}],"predecessor-version":[{"id":1132,"href":"https:\/\/curva1.com.ar\/index.php?rest_route=\/wp\/v2\/posts\/1129\/revisions\/1132"}],"wp:featuredmedia":[{"embeddable":true,"href":"https:\/\/curva1.com.ar\/index.php?rest_route=\/wp\/v2\/media\/1130"}],"wp:attachment":[{"href":"https:\/\/curva1.com.ar\/index.php?rest_route=%2Fwp%2Fv2%2Fmedia&parent=1129"}],"wp:term":[{"taxonomy":"category","embeddable":true,"href":"https:\/\/curva1.com.ar\/index.php?rest_route=%2Fwp%2Fv2%2Fcategories&post=1129"},{"taxonomy":"post_tag","embeddable":true,"href":"https:\/\/curva1.com.ar\/index.php?rest_route=%2Fwp%2Fv2%2Ftags&post=1129"}],"curies":[{"name":"wp","href":"https:\/\/api.w.org\/{rel}","templated":true}]}}