{"id":11369,"date":"2014-03-29T13:32:39","date_gmt":"2014-03-29T16:32:39","guid":{"rendered":"http:\/\/www.curva1.com.ar\/?p=11369"},"modified":"2014-03-30T00:15:46","modified_gmt":"2014-03-30T03:15:46","slug":"sulma-vitar-no-presidira-mas-el-kartodromo-de-san-martin","status":"publish","type":"post","link":"https:\/\/curva1.com.ar\/?p=11369","title":{"rendered":"Sulma Vitar y su renuncia al kart\u00f3dromo por diferencias con AVE"},"content":{"rendered":"<figure id=\"attachment_11370\" aria-describedby=\"caption-attachment-11370\" style=\"width: 720px\" class=\"wp-caption aligncenter\"><img loading=\"lazy\" decoding=\"async\" class=\"size-full wp-image-11370\" alt=\"Sulma de Vitar junto al intendente de San Mart\u00edn, Jorge Omar G\u00edmenez, en el acto de inauguraci\u00f3n de la torre de control y alargue del circuito de San Mart\u00edn\" src=\"http:\/\/www.curva1.com.ar\/wp-content\/uploads\/2014\/03\/IMG_0947.jpg\" width=\"720\" height=\"405\" srcset=\"https:\/\/curva1.com.ar\/wp-content\/uploads\/2014\/03\/IMG_0947.jpg 720w, https:\/\/curva1.com.ar\/wp-content\/uploads\/2014\/03\/IMG_0947-300x169.jpg 300w, https:\/\/curva1.com.ar\/wp-content\/uploads\/2014\/03\/IMG_0947-600x337.jpg 600w\" sizes=\"auto, (max-width: 720px) 100vw, 720px\" \/><figcaption id=\"caption-attachment-11370\" class=\"wp-caption-text\"><span style=\"color: #ff0000;\">Sulma de Vitar junto al intendente de San Mart\u00edn, Jorge Omar G\u00edmenez, en el acto de inauguraci\u00f3n de la torre de control y alargue del circuito de San Mart\u00edn. Octubre de 2013<\/span><\/figcaption><\/figure>\n<p>La actual presidente de la Subcomisi\u00f3n de Karting de AVE coment\u00f3 a Curva 1 que se alejar\u00e1 de su cargo, decisi\u00f3n que informar\u00e1 este fin de semana a los dem\u00e1s dirigentes.<\/p>\n<p>Sulma de Vitar explic\u00f3 que los objetivos que tiene para el Kart\u00f3dromo de San Mart\u00edn y el Karting Cuyano no son compatibles con los de la Asociaci\u00f3n Volantes del Este, aclarando que la gente que maneja el karting no es la misma que la que maneja el automovilismo y las instalaciones del aut\u00f3dromo Jorge Angel Pena.<\/p>\n<p>Recordamos que Sulma, madre de los pilotos Jorge y Tom\u00e1s Vitar, viene ligada al karting desde hace a\u00f1os, donde tambi\u00e9n form\u00f3 parte fundamental junto a otros padres para correr la \u00faltima temporada de karting en el Kart\u00f3dromo de Las Heras, cuando el circuito ten\u00eda problemas legales.<\/p>\n<p>En el 2013, las gestiones realizadas por Vitar junto ante el gobierno provincial dejaron como resultado el alargue del kart\u00f3dromo y el regreso del karting nacional a Mendoza luego de 18 a\u00f1os.<\/p>\n<p>La gesti\u00f3n de la Subcomisi\u00f3n de Karting de AVE fue resaltada en diciembre pasado por el multimedios UNO, que le entreg\u00f3 a este grupo de personas el Premio a la Excelente Deportiva para entidades que promueven el deporte.<\/p>\n<p><strong>Lo que dice el ambiente<\/strong><\/p>\n<p>Sulma de Vitar no dio motivos ni explicaciones a nuestro medio, pero en el ambiente del karting padres, pilotos y preparadores est\u00e1n bastante ofuscados en el inicio de a\u00f1o con el estado actual del kart\u00f3dromo.<\/p>\n<p>AVE (no la subcomisi\u00f3n) es quien cobra todas las pruebas realizadas en el kart\u00f3dromo ($150.- por piloto), pero quienes van a probar explicaron a Curva 1 que el circuito no tiene mantenimiento, los &#8220;yuyos&#8221; est\u00e1n altos y ni siquiera limpian la pista. Tanto es as\u00ed, que varios pap\u00e1s en ocasiones han pagado la pruebas y adicionalmente un dinero a personas para que le limpien la pista.<\/p>\n<p>El lunes feriado hubo 18 pilotos probando y quien limpi\u00f3 la pista fueron los dirigentes de la subcomisi\u00f3n Carlos Broccolo y Jorge Mart\u00ednez, ayudado por varios pilotos. Los padres y mec\u00e1nicos tambi\u00e9n se quejaron porque se prueba sin ambulancia, costo que ellos mismos deben abonar.<\/p>\n<p><strong>Dato<\/strong><\/p>\n<p>El aut\u00f3dromo de San Mart\u00edn hasta el momento ha quedado afuera del calendario del Turismo Carretera, S\u00faper TC2000 y Top Race y solo tiene confirmada solo una fecha a nivel nacional: Campeonato Argentino de Karting.<\/p>\n","protected":false},"excerpt":{"rendered":"<p>La actual presidente de la Subcomisi\u00f3n de Karting de AVE coment\u00f3 a Curva 1 que<\/p>\n","protected":false},"author":1,"featured_media":11370,"comment_status":"open","ping_status":"closed","sticky":false,"template":"","format":"standard","meta":{"footnotes":""},"categories":[4],"tags":[],"class_list":["post-11369","post","type-post","status-publish","format-standard","has-post-thumbnail","hentry","category-karting"],"featured_image_urls":{"full":["https:\/\/curva1.com.ar\/wp-content\/uploads\/2014\/03\/IMG_0947.jpg",720,405,false],"thumbnail":["https:\/\/curva1.com.ar\/wp-content\/uploads\/2014\/03\/IMG_0947-300x169.jpg",300,169,true],"medium":["https:\/\/curva1.com.ar\/wp-content\/uploads\/2014\/03\/IMG_0947-600x337.jpg",600,337,true],"medium_large":["https:\/\/curva1.com.ar\/wp-content\/uploads\/2014\/03\/IMG_0947.jpg",640,360,false],"large":["https:\/\/curva1.com.ar\/wp-content\/uploads\/2014\/03\/IMG_0947.jpg",640,360,false],"1536x1536":["https:\/\/curva1.com.ar\/wp-content\/uploads\/2014\/03\/IMG_0947.jpg",720,405,false],"2048x2048":["https:\/\/curva1.com.ar\/wp-content\/uploads\/2014\/03\/IMG_0947.jpg",720,405,false],"chromenews-featured":["https:\/\/curva1.com.ar\/wp-content\/uploads\/2014\/03\/IMG_0947.jpg",720,405,false],"chromenews-large":["https:\/\/curva1.com.ar\/wp-content\/uploads\/2014\/03\/IMG_0947.jpg",720,405,false],"chromenews-medium":["https:\/\/curva1.com.ar\/wp-content\/uploads\/2014\/03\/IMG_0947.jpg",590,332,false]},"author_info":{"display_name":"Jos\u00e9 Bravo","author_link":"https:\/\/curva1.com.ar\/?author=1"},"category_info":"<a href=\"https:\/\/curva1.com.ar\/?cat=4\" rel=\"category\">Karting Asfalto<\/a>","tag_info":"Karting Asfalto","comment_count":"0","yoast_head":"<!-- This site is optimized with the Yoast SEO Premium plugin v14.7 - https:\/\/yoast.com\/wordpress\/plugins\/seo\/ -->\n<title>Sulma Vitar y su renuncia al kart\u00f3dromo por diferencias con AVE - Curva 1<\/title>\n<meta name=\"robots\" content=\"index, follow\" \/>\n<meta name=\"googlebot\" content=\"index, follow, max-snippet:-1, max-image-preview:large, max-video-preview:-1\" \/>\n<meta name=\"bingbot\" content=\"index, follow, max-snippet:-1, max-image-preview:large, max-video-preview:-1\" \/>\n<link rel=\"canonical\" href=\"https:\/\/curva1.com.ar\/?p=11369\" \/>\n<meta property=\"og:locale\" content=\"en_US\" \/>\n<meta property=\"og:type\" content=\"article\" \/>\n<meta property=\"og:title\" content=\"Sulma Vitar y su renuncia al kart\u00f3dromo por diferencias con AVE - Curva 1\" \/>\n<meta property=\"og:description\" content=\"La actual presidente de la Subcomisi\u00f3n de Karting de AVE coment\u00f3 a Curva 1 que\" \/>\n<meta property=\"og:url\" content=\"https:\/\/curva1.com.ar\/?p=11369\" \/>\n<meta property=\"og:site_name\" content=\"Curva 1\" \/>\n<meta property=\"article:publisher\" content=\"https:\/\/www.facebook.com\/revistacurva1\/\" \/>\n<meta property=\"article:published_time\" content=\"2014-03-29T16:32:39+00:00\" \/>\n<meta property=\"article:modified_time\" content=\"2014-03-30T03:15:46+00:00\" \/>\n<meta property=\"og:image\" content=\"https:\/\/curva1.com.ar\/wp-content\/uploads\/2014\/03\/IMG_0947.jpg\" \/>\n\t<meta property=\"og:image:width\" content=\"720\" \/>\n\t<meta property=\"og:image:height\" content=\"405\" \/>\n<meta property=\"fb:app_id\" content=\"1593067817533208\" \/>\n<meta name=\"twitter:card\" content=\"summary_large_image\" \/>\n<meta name=\"twitter:creator\" content=\"@curva1mendoza\" \/>\n<meta name=\"twitter:site\" content=\"@curva1mendoza\" \/>\n<script type=\"application\/ld+json\" class=\"yoast-schema-graph\">{\"@context\":\"https:\/\/schema.org\",\"@graph\":[{\"@type\":\"WebSite\",\"@id\":\"https:\/\/curva1.com.ar\/#website\",\"url\":\"https:\/\/curva1.com.ar\/\",\"name\":\"Curva 1\",\"description\":\"Automovilismo de Mendoza\",\"potentialAction\":[{\"@type\":\"SearchAction\",\"target\":\"https:\/\/curva1.com.ar\/?s={search_term_string}\",\"query-input\":\"required name=search_term_string\"}],\"inLanguage\":\"en-US\"},{\"@type\":\"ImageObject\",\"@id\":\"https:\/\/curva1.com.ar\/?p=11369#primaryimage\",\"inLanguage\":\"en-US\",\"url\":\"https:\/\/curva1.com.ar\/wp-content\/uploads\/2014\/03\/IMG_0947.jpg\",\"width\":720,\"height\":405,\"caption\":\"Sulma de Vitar junto al intendente de San Mart\\u00edn, Jorge Omar G\\u00edmenez, en el acto de inauguraci\\u00f3n de la torre de control y alargue del circuito de San Mart\\u00edn\"},{\"@type\":\"WebPage\",\"@id\":\"https:\/\/curva1.com.ar\/?p=11369#webpage\",\"url\":\"https:\/\/curva1.com.ar\/?p=11369\",\"name\":\"Sulma Vitar y su renuncia al kart\\u00f3dromo por diferencias con AVE - Curva 1\",\"isPartOf\":{\"@id\":\"https:\/\/curva1.com.ar\/#website\"},\"primaryImageOfPage\":{\"@id\":\"https:\/\/curva1.com.ar\/?p=11369#primaryimage\"},\"datePublished\":\"2014-03-29T16:32:39+00:00\",\"dateModified\":\"2014-03-30T03:15:46+00:00\",\"author\":{\"@id\":\"https:\/\/curva1.com.ar\/#\/schema\/person\/f5fd12984d70df7314fbd9ab42f31033\"},\"inLanguage\":\"en-US\",\"potentialAction\":[{\"@type\":\"ReadAction\",\"target\":[\"https:\/\/curva1.com.ar\/?p=11369\"]}]},{\"@type\":[\"Person\"],\"@id\":\"https:\/\/curva1.com.ar\/#\/schema\/person\/f5fd12984d70df7314fbd9ab42f31033\",\"name\":\"Jos\\u00e9 Bravo\",\"image\":{\"@type\":\"ImageObject\",\"@id\":\"https:\/\/curva1.com.ar\/#personlogo\",\"inLanguage\":\"en-US\",\"url\":\"https:\/\/secure.gravatar.com\/avatar\/3ae0b1fdc6ddeb723a6e6c23609ed39de1d40a94b8112fd2c0c2032e2dabf28b?s=96&d=identicon&r=g\",\"caption\":\"Jos\\u00e9 Bravo\"}}]}<\/script>\n<!-- \/ Yoast SEO Premium plugin. -->","_links":{"self":[{"href":"https:\/\/curva1.com.ar\/index.php?rest_route=\/wp\/v2\/posts\/11369","targetHints":{"allow":["GET"]}}],"collection":[{"href":"https:\/\/curva1.com.ar\/index.php?rest_route=\/wp\/v2\/posts"}],"about":[{"href":"https:\/\/curva1.com.ar\/index.php?rest_route=\/wp\/v2\/types\/post"}],"author":[{"embeddable":true,"href":"https:\/\/curva1.com.ar\/index.php?rest_route=\/wp\/v2\/users\/1"}],"replies":[{"embeddable":true,"href":"https:\/\/curva1.com.ar\/index.php?rest_route=%2Fwp%2Fv2%2Fcomments&post=11369"}],"version-history":[{"count":6,"href":"https:\/\/curva1.com.ar\/index.php?rest_route=\/wp\/v2\/posts\/11369\/revisions"}],"predecessor-version":[{"id":11418,"href":"https:\/\/curva1.com.ar\/index.php?rest_route=\/wp\/v2\/posts\/11369\/revisions\/11418"}],"wp:featuredmedia":[{"embeddable":true,"href":"https:\/\/curva1.com.ar\/index.php?rest_route=\/wp\/v2\/media\/11370"}],"wp:attachment":[{"href":"https:\/\/curva1.com.ar\/index.php?rest_route=%2Fwp%2Fv2%2Fmedia&parent=11369"}],"wp:term":[{"taxonomy":"category","embeddable":true,"href":"https:\/\/curva1.com.ar\/index.php?rest_route=%2Fwp%2Fv2%2Fcategories&post=11369"},{"taxonomy":"post_tag","embeddable":true,"href":"https:\/\/curva1.com.ar\/index.php?rest_route=%2Fwp%2Fv2%2Ftags&post=11369"}],"curies":[{"name":"wp","href":"https:\/\/api.w.org\/{rel}","templated":true}]}}