{"id":1153,"date":"2012-09-12T14:02:29","date_gmt":"2012-09-12T17:02:29","guid":{"rendered":"http:\/\/www.curva1.com.ar\/?p=1153"},"modified":"2012-09-12T14:02:29","modified_gmt":"2012-09-12T17:02:29","slug":"gabriel-castillo-probo-ayer-en-el-pena-y-correra-en-el-tc-cuyano","status":"publish","type":"post","link":"https:\/\/curva1.com.ar\/?p=1153","title":{"rendered":"Gabriel Castillo prob\u00f3 ayer en el Pena y correr\u00e1 en el TC Cuyano"},"content":{"rendered":"<p><img loading=\"lazy\" decoding=\"async\" class=\"alignleft size-full wp-image-1154\" title=\"P173D0414\" src=\"http:\/\/www.curva1.com.ar\/wp-content\/uploads\/2012\/09\/P173D0414.jpg\" alt=\"\" width=\"300\" height=\"169\" \/>El piloto gir\u00f3 a bordo del Ford Falcon propiedad de Ricardo Moreno y con atenci\u00f3n de Gelabert. Lo hizo en tandas, ya que tambi\u00e9n hubo varios karts probando en el nuevo circuito.<\/p>\n<p><strong>&#8220;Hemos llegado a un arreglo con Gabriel y \u00e9l estar\u00e1 arriba del TC Cuyano hasta fin de a\u00f1o&#8221;<\/strong> expres\u00f3 Moreno a Curva 1.<\/p>\n","protected":false},"excerpt":{"rendered":"<p>El piloto gir\u00f3 a bordo del Ford Falcon propiedad de Ricardo Moreno y con atenci\u00f3n<\/p>\n","protected":false},"author":1,"featured_media":1154,"comment_status":"open","ping_status":"closed","sticky":false,"template":"","format":"standard","meta":{"footnotes":""},"categories":[1],"tags":[],"class_list":["post-1153","post","type-post","status-publish","format-standard","has-post-thumbnail","hentry","category-zonal-cuyano"],"featured_image_urls":{"full":["https:\/\/curva1.com.ar\/wp-content\/uploads\/2012\/09\/P173D0414.jpg",300,169,false],"thumbnail":["https:\/\/curva1.com.ar\/wp-content\/uploads\/2012\/09\/P173D0414-150x150.jpg",150,150,true],"medium":["https:\/\/curva1.com.ar\/wp-content\/uploads\/2012\/09\/P173D0414.jpg",300,169,false],"medium_large":["https:\/\/curva1.com.ar\/wp-content\/uploads\/2012\/09\/P173D0414.jpg",300,169,false],"large":["https:\/\/curva1.com.ar\/wp-content\/uploads\/2012\/09\/P173D0414.jpg",300,169,false],"1536x1536":["https:\/\/curva1.com.ar\/wp-content\/uploads\/2012\/09\/P173D0414.jpg",300,169,false],"2048x2048":["https:\/\/curva1.com.ar\/wp-content\/uploads\/2012\/09\/P173D0414.jpg",300,169,false],"chromenews-featured":["https:\/\/curva1.com.ar\/wp-content\/uploads\/2012\/09\/P173D0414.jpg",300,169,false],"chromenews-large":["https:\/\/curva1.com.ar\/wp-content\/uploads\/2012\/09\/P173D0414.jpg",300,169,false],"chromenews-medium":["https:\/\/curva1.com.ar\/wp-content\/uploads\/2012\/09\/P173D0414.jpg",300,169,false]},"author_info":{"display_name":"Jos\u00e9 Bravo","author_link":"https:\/\/curva1.com.ar\/?author=1"},"category_info":"<a href=\"https:\/\/curva1.com.ar\/?cat=1\" rel=\"category\">Zonal Cuyano<\/a>","tag_info":"Zonal Cuyano","comment_count":"0","_links":{"self":[{"href":"https:\/\/curva1.com.ar\/index.php?rest_route=\/wp\/v2\/posts\/1153","targetHints":{"allow":["GET"]}}],"collection":[{"href":"https:\/\/curva1.com.ar\/index.php?rest_route=\/wp\/v2\/posts"}],"about":[{"href":"https:\/\/curva1.com.ar\/index.php?rest_route=\/wp\/v2\/types\/post"}],"author":[{"embeddable":true,"href":"https:\/\/curva1.com.ar\/index.php?rest_route=\/wp\/v2\/users\/1"}],"replies":[{"embeddable":true,"href":"https:\/\/curva1.com.ar\/index.php?rest_route=%2Fwp%2Fv2%2Fcomments&post=1153"}],"version-history":[{"count":1,"href":"https:\/\/curva1.com.ar\/index.php?rest_route=\/wp\/v2\/posts\/1153\/revisions"}],"predecessor-version":[{"id":1155,"href":"https:\/\/curva1.com.ar\/index.php?rest_route=\/wp\/v2\/posts\/1153\/revisions\/1155"}],"wp:featuredmedia":[{"embeddable":true,"href":"https:\/\/curva1.com.ar\/index.php?rest_route=\/wp\/v2\/media\/1154"}],"wp:attachment":[{"href":"https:\/\/curva1.com.ar\/index.php?rest_route=%2Fwp%2Fv2%2Fmedia&parent=1153"}],"wp:term":[{"taxonomy":"category","embeddable":true,"href":"https:\/\/curva1.com.ar\/index.php?rest_route=%2Fwp%2Fv2%2Fcategories&post=1153"},{"taxonomy":"post_tag","embeddable":true,"href":"https:\/\/curva1.com.ar\/index.php?rest_route=%2Fwp%2Fv2%2Ftags&post=1153"}],"curies":[{"name":"wp","href":"https:\/\/api.w.org\/{rel}","templated":true}]}}