{"id":1156,"date":"2012-09-12T14:00:43","date_gmt":"2012-09-12T17:00:43","guid":{"rendered":"http:\/\/www.curva1.com.ar\/?p=1156"},"modified":"2012-09-12T17:34:20","modified_gmt":"2012-09-12T20:34:20","slug":"ricardo-moreno-alquilo-el-turismo-pista-1100-para-el-fin-de-semana","status":"publish","type":"post","link":"https:\/\/curva1.com.ar\/?p=1156","title":{"rendered":"Ricardo Moreno alquil\u00f3 un Turismo Pista 1100 para el fin de semana"},"content":{"rendered":"<p><strong><img loading=\"lazy\" decoding=\"async\" class=\"alignleft size-full wp-image-1157\" title=\"ivvfges\" src=\"http:\/\/www.curva1.com.ar\/wp-content\/uploads\/2012\/09\/ivvfges.jpg\" alt=\"\" width=\"240\" height=\"134\" \/>&#8220;Llegamos a un acuerdo con Mariano Baraldo para subirme al Fiat 147, as\u00ed que el fin de semana estar\u00e9 compitiendo en el zonal cuyano en San Mart\u00edn&#8221;<\/strong> dijo Moreno a Curva 1.<\/p>\n<p><strong>&#8220;No se que pasar\u00e1 despu\u00e9s. Por el momento corro esta fecha y luego veremos como seguiremos<\/strong>&#8221; explic\u00f3.<\/p>\n<p>El piloto de Luj\u00e1n alquil\u00f3 el auto a trav\u00e9s de los Clasificados de Curva 1.<\/p>\n","protected":false},"excerpt":{"rendered":"<p>&#8220;Llegamos a un acuerdo con Mariano Baraldo para subirme al Fiat 147, as\u00ed que el<\/p>\n","protected":false},"author":1,"featured_media":1157,"comment_status":"open","ping_status":"closed","sticky":false,"template":"","format":"standard","meta":{"footnotes":""},"categories":[1],"tags":[],"class_list":["post-1156","post","type-post","status-publish","format-standard","has-post-thumbnail","hentry","category-zonal-cuyano"],"featured_image_urls":{"full":["https:\/\/curva1.com.ar\/wp-content\/uploads\/2012\/09\/ivvfges.jpg",240,134,false],"thumbnail":["https:\/\/curva1.com.ar\/wp-content\/uploads\/2012\/09\/ivvfges-150x134.jpg",150,134,true],"medium":["https:\/\/curva1.com.ar\/wp-content\/uploads\/2012\/09\/ivvfges.jpg",240,134,false],"medium_large":["https:\/\/curva1.com.ar\/wp-content\/uploads\/2012\/09\/ivvfges.jpg",240,134,false],"large":["https:\/\/curva1.com.ar\/wp-content\/uploads\/2012\/09\/ivvfges.jpg",240,134,false],"1536x1536":["https:\/\/curva1.com.ar\/wp-content\/uploads\/2012\/09\/ivvfges.jpg",240,134,false],"2048x2048":["https:\/\/curva1.com.ar\/wp-content\/uploads\/2012\/09\/ivvfges.jpg",240,134,false],"chromenews-featured":["https:\/\/curva1.com.ar\/wp-content\/uploads\/2012\/09\/ivvfges.jpg",240,134,false],"chromenews-large":["https:\/\/curva1.com.ar\/wp-content\/uploads\/2012\/09\/ivvfges.jpg",240,134,false],"chromenews-medium":["https:\/\/curva1.com.ar\/wp-content\/uploads\/2012\/09\/ivvfges.jpg",240,134,false]},"author_info":{"display_name":"Jos\u00e9 Bravo","author_link":"https:\/\/curva1.com.ar\/?author=1"},"category_info":"<a href=\"https:\/\/curva1.com.ar\/?cat=1\" rel=\"category\">Zonal Cuyano<\/a>","tag_info":"Zonal Cuyano","comment_count":"0","_links":{"self":[{"href":"https:\/\/curva1.com.ar\/index.php?rest_route=\/wp\/v2\/posts\/1156","targetHints":{"allow":["GET"]}}],"collection":[{"href":"https:\/\/curva1.com.ar\/index.php?rest_route=\/wp\/v2\/posts"}],"about":[{"href":"https:\/\/curva1.com.ar\/index.php?rest_route=\/wp\/v2\/types\/post"}],"author":[{"embeddable":true,"href":"https:\/\/curva1.com.ar\/index.php?rest_route=\/wp\/v2\/users\/1"}],"replies":[{"embeddable":true,"href":"https:\/\/curva1.com.ar\/index.php?rest_route=%2Fwp%2Fv2%2Fcomments&post=1156"}],"version-history":[{"count":4,"href":"https:\/\/curva1.com.ar\/index.php?rest_route=\/wp\/v2\/posts\/1156\/revisions"}],"predecessor-version":[{"id":1162,"href":"https:\/\/curva1.com.ar\/index.php?rest_route=\/wp\/v2\/posts\/1156\/revisions\/1162"}],"wp:featuredmedia":[{"embeddable":true,"href":"https:\/\/curva1.com.ar\/index.php?rest_route=\/wp\/v2\/media\/1157"}],"wp:attachment":[{"href":"https:\/\/curva1.com.ar\/index.php?rest_route=%2Fwp%2Fv2%2Fmedia&parent=1156"}],"wp:term":[{"taxonomy":"category","embeddable":true,"href":"https:\/\/curva1.com.ar\/index.php?rest_route=%2Fwp%2Fv2%2Fcategories&post=1156"},{"taxonomy":"post_tag","embeddable":true,"href":"https:\/\/curva1.com.ar\/index.php?rest_route=%2Fwp%2Fv2%2Ftags&post=1156"}],"curies":[{"name":"wp","href":"https:\/\/api.w.org\/{rel}","templated":true}]}}