{"id":1172,"date":"2012-09-12T17:43:21","date_gmt":"2012-09-12T20:43:21","guid":{"rendered":"http:\/\/www.curva1.com.ar\/?p=1172"},"modified":"2012-09-12T17:43:21","modified_gmt":"2012-09-12T20:43:21","slug":"matias-jalaf-se-prepara-para-la-carrera-en-el-eusebio-mansilla","status":"publish","type":"post","link":"https:\/\/curva1.com.ar\/?p=1172","title":{"rendered":"Mat\u00edas Jalaf se prepara para la carrera en el Eusebio Mansilla"},"content":{"rendered":"<p><img loading=\"lazy\" decoding=\"async\" class=\"aligncenter size-full wp-image-1173\" title=\"64407f7336852_n\" src=\"http:\/\/www.curva1.com.ar\/wp-content\/uploads\/2012\/09\/64407f7336852_n.jpg\" alt=\"\" width=\"500\" height=\"281\" srcset=\"https:\/\/curva1.com.ar\/wp-content\/uploads\/2012\/09\/64407f7336852_n.jpg 500w, https:\/\/curva1.com.ar\/wp-content\/uploads\/2012\/09\/64407f7336852_n-300x168.jpg 300w\" sizes=\"auto, (max-width: 500px) 100vw, 500px\" \/><\/p>\n<p>Mat\u00edas Jalaf ya est\u00e1 instalado en el aut\u00f3dromo de Jun\u00edn luego de probar hoy el Ford del equipo Lincoln Competici\u00f3n en 9 de Julio y al respecto asegur\u00f3:<strong> &#8220;Tenemos que mejorar&#8221;.<\/strong><\/p>\n<p>El piloto mendocino trabaj\u00f3 junto al equipo bajo la asistencia t\u00e9cnica de Hugo Cuervo y, tras marcar en su mejor vuelta r\u00e1pida un tiempo de 1m 31s 7\/10, coment\u00f3: <strong>&#8220;En las \u00faltimas carreras perdimos el rumbo en la puesta a punto del chasis y tenemos que mejorar lo antes posible para volver a ser protagonistas. Hoy el auto mostr\u00f3 algo distinto pero a\u00fan nos falta, aunque obviamente las conclusiones importantes las sacaremos en carrera y esperemos andar bien&#8221;.<\/strong><\/p>\n<p>Jalaf ya se encuentra en el aut\u00f3dromo &#8220;Eusebio Marcilla&#8221; de Jun\u00edn donde desde el viernes comenzar\u00e1 la actividad oficial correspondiente a la 12da fecha de la temporada del Turismo Carretera.<\/p>\n","protected":false},"excerpt":{"rendered":"<p>Mat\u00edas Jalaf ya est\u00e1 instalado en el aut\u00f3dromo de Jun\u00edn luego de probar hoy el<\/p>\n","protected":false},"author":1,"featured_media":1173,"comment_status":"open","ping_status":"closed","sticky":false,"template":"","format":"standard","meta":{"footnotes":""},"categories":[6],"tags":[],"class_list":["post-1172","post","type-post","status-publish","format-standard","has-post-thumbnail","hentry","category-nacionales"],"featured_image_urls":{"full":["https:\/\/curva1.com.ar\/wp-content\/uploads\/2012\/09\/64407f7336852_n.jpg",500,281,false],"thumbnail":["https:\/\/curva1.com.ar\/wp-content\/uploads\/2012\/09\/64407f7336852_n-150x150.jpg",150,150,true],"medium":["https:\/\/curva1.com.ar\/wp-content\/uploads\/2012\/09\/64407f7336852_n-300x168.jpg",300,168,true],"medium_large":["https:\/\/curva1.com.ar\/wp-content\/uploads\/2012\/09\/64407f7336852_n.jpg",500,281,false],"large":["https:\/\/curva1.com.ar\/wp-content\/uploads\/2012\/09\/64407f7336852_n.jpg",500,281,false],"1536x1536":["https:\/\/curva1.com.ar\/wp-content\/uploads\/2012\/09\/64407f7336852_n.jpg",500,281,false],"2048x2048":["https:\/\/curva1.com.ar\/wp-content\/uploads\/2012\/09\/64407f7336852_n.jpg",500,281,false],"chromenews-featured":["https:\/\/curva1.com.ar\/wp-content\/uploads\/2012\/09\/64407f7336852_n.jpg",500,281,false],"chromenews-large":["https:\/\/curva1.com.ar\/wp-content\/uploads\/2012\/09\/64407f7336852_n.jpg",500,281,false],"chromenews-medium":["https:\/\/curva1.com.ar\/wp-content\/uploads\/2012\/09\/64407f7336852_n.jpg",500,281,false]},"author_info":{"display_name":"Jos\u00e9 Bravo","author_link":"https:\/\/curva1.com.ar\/?author=1"},"category_info":"<a href=\"https:\/\/curva1.com.ar\/?cat=6\" rel=\"category\">Nacionales<\/a>","tag_info":"Nacionales","comment_count":"0","_links":{"self":[{"href":"https:\/\/curva1.com.ar\/index.php?rest_route=\/wp\/v2\/posts\/1172","targetHints":{"allow":["GET"]}}],"collection":[{"href":"https:\/\/curva1.com.ar\/index.php?rest_route=\/wp\/v2\/posts"}],"about":[{"href":"https:\/\/curva1.com.ar\/index.php?rest_route=\/wp\/v2\/types\/post"}],"author":[{"embeddable":true,"href":"https:\/\/curva1.com.ar\/index.php?rest_route=\/wp\/v2\/users\/1"}],"replies":[{"embeddable":true,"href":"https:\/\/curva1.com.ar\/index.php?rest_route=%2Fwp%2Fv2%2Fcomments&post=1172"}],"version-history":[{"count":2,"href":"https:\/\/curva1.com.ar\/index.php?rest_route=\/wp\/v2\/posts\/1172\/revisions"}],"predecessor-version":[{"id":1175,"href":"https:\/\/curva1.com.ar\/index.php?rest_route=\/wp\/v2\/posts\/1172\/revisions\/1175"}],"wp:featuredmedia":[{"embeddable":true,"href":"https:\/\/curva1.com.ar\/index.php?rest_route=\/wp\/v2\/media\/1173"}],"wp:attachment":[{"href":"https:\/\/curva1.com.ar\/index.php?rest_route=%2Fwp%2Fv2%2Fmedia&parent=1172"}],"wp:term":[{"taxonomy":"category","embeddable":true,"href":"https:\/\/curva1.com.ar\/index.php?rest_route=%2Fwp%2Fv2%2Fcategories&post=1172"},{"taxonomy":"post_tag","embeddable":true,"href":"https:\/\/curva1.com.ar\/index.php?rest_route=%2Fwp%2Fv2%2Ftags&post=1172"}],"curies":[{"name":"wp","href":"https:\/\/api.w.org\/{rel}","templated":true}]}}