{"id":1204,"date":"2012-09-14T16:15:11","date_gmt":"2012-09-14T19:15:11","guid":{"rendered":"http:\/\/www.curva1.com.ar\/?p=1204"},"modified":"2012-09-14T16:16:15","modified_gmt":"2012-09-14T19:16:15","slug":"flaque-persia-y-martin-ya-tienen-sus-invitados-para-buenos-aires","status":"publish","type":"post","link":"https:\/\/curva1.com.ar\/?p=1204","title":{"rendered":"Flaqu\u00e9, Persia y Martin ya tienen sus invitados para Buenos Aires"},"content":{"rendered":"<p><img loading=\"lazy\" decoding=\"async\" class=\"aligncenter size-full wp-image-1207\" title=\"rosariofp2\" src=\"http:\/\/www.curva1.com.ar\/wp-content\/uploads\/2012\/09\/rosariofp2.jpg\" alt=\"\" width=\"500\" height=\"281\" srcset=\"https:\/\/curva1.com.ar\/wp-content\/uploads\/2012\/09\/rosariofp2.jpg 500w, https:\/\/curva1.com.ar\/wp-content\/uploads\/2012\/09\/rosariofp2-300x168.jpg 300w\" sizes=\"auto, (max-width: 500px) 100vw, 500px\" \/><\/p>\n<p><strong>El equipo SAN JUAN TIERRA MINERA defini\u00f3 a los tres pilotos invitados que acompa\u00f1ar\u00e1n a Martin, Flaqu\u00e9 y Persia en la quinta edici\u00f3n de &#8220;La Carrera del A\u00f1o&#8221; del Top Race que se disputar\u00e1 en el circuito de Buenos Aires.<\/strong><\/p>\n<p>El aut\u00f3dromo &#8220;Oscar y Juan G\u00e1lvez&#8221; de Buenos Aires\u00a0 ser\u00e1 el escenario de la 9\u00b0 fecha, que tendr\u00e1 un condimento particular para el Top Race Series y el Top Race Junior, ya que se disputar\u00e1 con pilotos invitados y se utilizar\u00e1 la variante n\u00famero 8 del trazado porte\u00f1o.<\/p>\n<p>La carrera m\u00e1s esperada de la temporada va tomando forma para el SAN JUAN TIERRA MINERA TEAM y cada uno de los tres pilotos titulares del equipo sanjuanino ya confirmaron quienes ser\u00e1n sus acompa\u00f1antes.<\/p>\n<p>En el TR Series,<strong>\u00a0Fabi\u00e1n Flaqu\u00e9 estar\u00e1 acompa\u00f1ado por Ivo Perab\u00f3,<\/strong>\u00a0con quien comparte la atenci\u00f3n t\u00e9cnica del RV Racing y sabe del funcionamiento del Mondeo ya que el piloto mendocino lo utiliz\u00f3 durante toda la temporada 2011.<\/p>\n<p>Por su parte,\u00a0<strong>Henry Martin invit\u00f3 a Ezequiel Baldinelli<\/strong>\u00a0para conducir el Mercedes n\u00famero 58. La dupla ya se conoce y tienen una experiencia muy positiva a bordo de un Megane de TC2000 en Potrero de los Funes, donde subieron al segundo escal\u00f3n del podio luego de una excelente labor en la competencia coronaci\u00f3n del 2009.<\/p>\n<p>El otro piloto del SAN JUAN TIERRA MINERA TEAM,<strong>\u00a0Fabricio Persia, recurri\u00f3 a la familia y compartir\u00e1 el Mondeo TR Junior con su hermano. Ariel Persia<\/strong>\u00a0tienen una dilatada trayectoria en autos de turismo, en particular en los zonales de cuyo, donde logr\u00f3 varios t\u00edtulos en la clase 2 y 3 de la especialidad.<\/p>\n","protected":false},"excerpt":{"rendered":"<p>El equipo SAN JUAN TIERRA MINERA defini\u00f3 a los tres pilotos invitados que acompa\u00f1ar\u00e1n a<\/p>\n","protected":false},"author":1,"featured_media":1207,"comment_status":"open","ping_status":"closed","sticky":false,"template":"","format":"standard","meta":{"footnotes":""},"categories":[6],"tags":[],"class_list":["post-1204","post","type-post","status-publish","format-standard","has-post-thumbnail","hentry","category-nacionales"],"featured_image_urls":{"full":["https:\/\/curva1.com.ar\/wp-content\/uploads\/2012\/09\/rosariofp2.jpg",500,281,false],"thumbnail":["https:\/\/curva1.com.ar\/wp-content\/uploads\/2012\/09\/rosariofp2-150x150.jpg",150,150,true],"medium":["https:\/\/curva1.com.ar\/wp-content\/uploads\/2012\/09\/rosariofp2-300x168.jpg",300,168,true],"medium_large":["https:\/\/curva1.com.ar\/wp-content\/uploads\/2012\/09\/rosariofp2.jpg",500,281,false],"large":["https:\/\/curva1.com.ar\/wp-content\/uploads\/2012\/09\/rosariofp2.jpg",500,281,false],"1536x1536":["https:\/\/curva1.com.ar\/wp-content\/uploads\/2012\/09\/rosariofp2.jpg",500,281,false],"2048x2048":["https:\/\/curva1.com.ar\/wp-content\/uploads\/2012\/09\/rosariofp2.jpg",500,281,false],"chromenews-featured":["https:\/\/curva1.com.ar\/wp-content\/uploads\/2012\/09\/rosariofp2.jpg",500,281,false],"chromenews-large":["https:\/\/curva1.com.ar\/wp-content\/uploads\/2012\/09\/rosariofp2.jpg",500,281,false],"chromenews-medium":["https:\/\/curva1.com.ar\/wp-content\/uploads\/2012\/09\/rosariofp2.jpg",500,281,false]},"author_info":{"display_name":"Jos\u00e9 Bravo","author_link":"https:\/\/curva1.com.ar\/?author=1"},"category_info":"<a href=\"https:\/\/curva1.com.ar\/?cat=6\" rel=\"category\">Nacionales<\/a>","tag_info":"Nacionales","comment_count":"0","_links":{"self":[{"href":"https:\/\/curva1.com.ar\/index.php?rest_route=\/wp\/v2\/posts\/1204","targetHints":{"allow":["GET"]}}],"collection":[{"href":"https:\/\/curva1.com.ar\/index.php?rest_route=\/wp\/v2\/posts"}],"about":[{"href":"https:\/\/curva1.com.ar\/index.php?rest_route=\/wp\/v2\/types\/post"}],"author":[{"embeddable":true,"href":"https:\/\/curva1.com.ar\/index.php?rest_route=\/wp\/v2\/users\/1"}],"replies":[{"embeddable":true,"href":"https:\/\/curva1.com.ar\/index.php?rest_route=%2Fwp%2Fv2%2Fcomments&post=1204"}],"version-history":[{"count":3,"href":"https:\/\/curva1.com.ar\/index.php?rest_route=\/wp\/v2\/posts\/1204\/revisions"}],"predecessor-version":[{"id":1210,"href":"https:\/\/curva1.com.ar\/index.php?rest_route=\/wp\/v2\/posts\/1204\/revisions\/1210"}],"wp:featuredmedia":[{"embeddable":true,"href":"https:\/\/curva1.com.ar\/index.php?rest_route=\/wp\/v2\/media\/1207"}],"wp:attachment":[{"href":"https:\/\/curva1.com.ar\/index.php?rest_route=%2Fwp%2Fv2%2Fmedia&parent=1204"}],"wp:term":[{"taxonomy":"category","embeddable":true,"href":"https:\/\/curva1.com.ar\/index.php?rest_route=%2Fwp%2Fv2%2Fcategories&post=1204"},{"taxonomy":"post_tag","embeddable":true,"href":"https:\/\/curva1.com.ar\/index.php?rest_route=%2Fwp%2Fv2%2Ftags&post=1204"}],"curies":[{"name":"wp","href":"https:\/\/api.w.org\/{rel}","templated":true}]}}