{"id":12321,"date":"2014-06-09T22:58:36","date_gmt":"2014-06-10T01:58:36","guid":{"rendered":"http:\/\/www.curva1.com.ar\/?p=12321"},"modified":"2014-06-09T22:58:36","modified_gmt":"2014-06-10T01:58:36","slug":"garcia-hizo-podio-y-halpern-lo-acaricio-en-el-cross-country-de-la-cumbre","status":"publish","type":"post","link":"https:\/\/curva1.com.ar\/?p=12321","title":{"rendered":"Garc\u00eda hizo podio y Halpern lo acarici\u00f3 en el Cross Country de La Cumbre"},"content":{"rendered":"<p><img loading=\"lazy\" decoding=\"async\" class=\"aligncenter wp-image-12322 size-large\" src=\"http:\/\/www.curva1.com.ar\/wp-content\/uploads\/2014\/06\/image539513db66cd81.54133360-1024x664.jpg\" alt=\"image539513db66cd81.54133360\" width=\"720\" height=\"466\" srcset=\"https:\/\/curva1.com.ar\/wp-content\/uploads\/2014\/06\/image539513db66cd81.54133360-1024x664.jpg 1024w, https:\/\/curva1.com.ar\/wp-content\/uploads\/2014\/06\/image539513db66cd81.54133360-519x337.jpg 519w, https:\/\/curva1.com.ar\/wp-content\/uploads\/2014\/06\/image539513db66cd81.54133360.jpg 1629w\" sizes=\"auto, (max-width: 720px) 100vw, 720px\" \/><\/p>\n<p>El sanrafaelino result\u00f3 segundo en Autos, mientras que el Colorado lleg\u00f3 cuarto en los Cuatriciclos 4&#215;2.<\/p>\n<p style=\"margin: 0px 0px 10px; font-size: 14px; line-height: 24px; font-family: Arial, Helvetica, sans-serif; color: #333333; font-style: normal; font-variant: normal; font-weight: normal; letter-spacing: normal; orphans: auto; text-align: start; text-indent: 0px; text-transform: none; white-space: normal; widows: auto; word-spacing: 0px; -webkit-text-stroke-width: 0px; background-color: #ffffff;\">La segunda fecha del campeonato fue fruct\u00edfera para los mendocinos que decidieron afrontarla. Es que en la localidad cordobesa de La Cumbre, donde se realizaron las dos especiales, todos se dieron el lujo de llegar a la meta.<\/p>\n<p style=\"margin: 0px 0px 10px; font-size: 14px; line-height: 24px; font-family: Arial, Helvetica, sans-serif; color: #333333; font-style: normal; font-variant: normal; font-weight: normal; letter-spacing: normal; orphans: auto; text-align: start; text-indent: 0px; text-transform: none; white-space: normal; widows: auto; word-spacing: 0px; -webkit-text-stroke-width: 0px; background-color: #ffffff;\">El m\u00e1s destacado de la legi\u00f3n result\u00f3 ser Jos\u00e9 Garc\u00eda. Acompa\u00f1ado por su coterr\u00e1neo Mauricio Malano, el sanrafaelino subi\u00f3 al podio en su regreso a la especialidad que lo vio campeonar.<\/p>\n<p style=\"margin: 0px 0px 10px; font-size: 14px; line-height: 24px; font-family: Arial, Helvetica, sans-serif; color: #333333; font-style: normal; font-variant: normal; font-weight: normal; letter-spacing: normal; orphans: auto; text-align: start; text-indent: 0px; text-transform: none; white-space: normal; widows: auto; word-spacing: 0px; -webkit-text-stroke-width: 0px; background-color: #ffffff;\">En el debut de la Renault Duster dentro del certamen nacional, \u00a0nuestros representantes finalizaron en la segunda posici\u00f3n de la clasificaci\u00f3n general ganada por Gerardo Del Zotto (Ford Ranger) con un registro de 6h41\u201959\u2019\u2019. Los sure\u00f1os quedaron a 5\u201930\u2019\u2019, en tanto que Fabricio Benedetti (Toyota Hilux) logr\u00f3 el tercer lugar y el tambi\u00e9n mendocino Ricardo Sanjuli\u00e1n (VW Amarok) arrib\u00f3 quinto en la prueba de su debut.<\/p>\n<p style=\"margin: 0px 0px 10px; font-size: 14px; line-height: 24px; font-family: Arial, Helvetica, sans-serif; color: #333333; font-style: normal; font-variant: normal; font-weight: normal; letter-spacing: normal; orphans: auto; text-align: start; text-indent: 0px; text-transform: none; white-space: normal; widows: auto; word-spacing: 0px; -webkit-text-stroke-width: 0px; background-color: #ffffff;\">Quien acarici\u00f3 el podio fue Sebasti\u00e1n Halpern. Luego de haber machado segundo con el Yamaha Raptor, el Colorado cay\u00f3 al cuarto lugar de Cuatriciclos 4&#215;2, cuya tabla general fue de Lucas Bonetto luego de emplear 6h41\u201944\u2019\u2019.<\/p>\n<p style=\"margin: 0px 0px 10px; font-size: 14px; line-height: 24px; font-family: Arial, Helvetica, sans-serif; color: #333333; font-style: normal; font-variant: normal; font-weight: normal; letter-spacing: normal; orphans: auto; text-align: start; text-indent: 0px; text-transform: none; white-space: normal; widows: auto; word-spacing: 0px; -webkit-text-stroke-width: 0px; background-color: #ffffff;\">Otro Garc\u00eda, en este caso Pablo, tambi\u00e9n pudo finalizar la carrera dentro de la categor\u00eda para motos. A bordo de su Yamaha 450 qued\u00f3 duod\u00e9cimo, a 55\u201920\u2019\u2019 del uruguayo Germ\u00e1n Rodr\u00edguez que estamp\u00f3 una marca de 6h37\u201929\u2019\u2019.<\/p>\n<p style=\"margin: 0px 0px 10px; font-size: 14px; line-height: 24px; font-family: Arial, Helvetica, sans-serif; color: #333333; font-style: normal; font-variant: normal; font-weight: normal; letter-spacing: normal; orphans: auto; text-align: start; text-indent: 0px; text-transform: none; white-space: normal; widows: auto; word-spacing: 0px; -webkit-text-stroke-width: 0px; background-color: #ffffff;\">Por \u00faltimo, en los Cuatriciclos 4&#215;4, se impuso Daniel Mazzucco.<\/p>\n<p style=\"margin: 0px 0px 10px; font-size: 14px; line-height: 24px; font-family: Arial, Helvetica, sans-serif; color: #333333; font-style: normal; font-variant: normal; font-weight: normal; letter-spacing: normal; orphans: auto; text-align: start; text-indent: 0px; text-transform: none; white-space: normal; widows: auto; word-spacing: 0px; -webkit-text-stroke-width: 0px; background-color: #ffffff;\"><strong style=\"font-weight: bold;\">El Valle de Uco vibr\u00f3 con la cuarta del a\u00f1o<\/strong><\/p>\n<p style=\"margin: 0px 0px 10px; font-size: 14px; line-height: 24px; font-family: Arial, Helvetica, sans-serif; color: #333333; font-style: normal; font-variant: normal; font-weight: normal; letter-spacing: normal; orphans: auto; text-align: start; text-indent: 0px; text-transform: none; white-space: normal; widows: auto; word-spacing: 0px; -webkit-text-stroke-width: 0px; background-color: #ffffff;\">El aut\u00f3dromo de San Carlos fue, por segunda vez en la temporada, epicentro de las Categor\u00edas Tradicionales para desarrollar la cuarta fecha del calendario que dej\u00f3 como vencedores a Daniel Sette (850 Grupo 1), Sebasti\u00e1n Baris\u00f3n (F\u00f3rmula 1100), Fabi\u00e1n Cayla (TC Tradicional), Mart\u00edn Samponi (TC Junior) y N\u00e9stor Imberti (Sport 4).<\/p>\n<p style=\"margin: 0px 0px 10px; font-size: 14px; line-height: 24px; font-family: Arial, Helvetica, sans-serif; color: #333333; font-style: normal; font-variant: normal; font-weight: normal; letter-spacing: normal; orphans: auto; text-align: start; text-indent: 0px; text-transform: none; white-space: normal; widows: auto; word-spacing: 0px; -webkit-text-stroke-width: 0px; background-color: #ffffff;\">La programaci\u00f3n en el Valle de Uco se inici\u00f3 con las series ganadas por Javier Mesas y Juan Adrover (850 Grupo 1); Jos\u00e9 P\u00e9rez y Baris\u00f3n (F\u00f3rmula 1100); Cayla (TC Tradicional); Samponi (TC Junior); Imberti y Santiago Rodr\u00edguez (Sport 4). Luego fue momento de las cinco finales, en las que Sette aventaj\u00f3 a Adrover y Germ\u00e1n Girardello y Baris\u00f3n result\u00f3 imbatible para P\u00e9rez y Humberto Camiletti.<\/p>\n<p style=\"margin: 0px 0px 10px; font-size: 14px; line-height: 24px; font-family: Arial, Helvetica, sans-serif; color: #333333; font-style: normal; font-variant: normal; font-weight: normal; letter-spacing: normal; orphans: auto; text-align: start; text-indent: 0px; text-transform: none; white-space: normal; widows: auto; word-spacing: 0px; -webkit-text-stroke-width: 0px; background-color: #ffffff;\">M\u00e1s adelante, Eduardo de la Rosa y Carlos Cobarrubia no pudieron con Cayla, Samponi dobleg\u00f3 a Nazareno Alosi y Joaqu\u00edn Baris\u00f3n e Imberti cant\u00f3 victoria dejando atr\u00e1s a Rodr\u00edguez y Andr\u00e9s Garc\u00eda.<\/p>\n<p style=\"margin: 0px 0px 10px; font-size: 14px; line-height: 24px; font-family: Arial, Helvetica, sans-serif; color: #333333; font-style: normal; font-variant: normal; font-weight: normal; letter-spacing: normal; orphans: auto; text-align: start; text-indent: 0px; text-transform: none; white-space: normal; widows: auto; word-spacing: 0px; -webkit-text-stroke-width: 0px; background-color: #ffffff;\">M\u00e1s Deportes &#8211; Los Andes<\/p>\n","protected":false},"excerpt":{"rendered":"<p>El sanrafaelino result\u00f3 segundo en Autos, mientras que el Colorado lleg\u00f3 cuarto en los Cuatriciclos<\/p>\n","protected":false},"author":1,"featured_media":12322,"comment_status":"open","ping_status":"closed","sticky":false,"template":"","format":"standard","meta":{"footnotes":""},"categories":[6],"tags":[],"class_list":["post-12321","post","type-post","status-publish","format-standard","has-post-thumbnail","hentry","category-nacionales"],"featured_image_urls":{"full":["https:\/\/curva1.com.ar\/wp-content\/uploads\/2014\/06\/image539513db66cd81.54133360.jpg",1629,1057,false],"thumbnail":["https:\/\/curva1.com.ar\/wp-content\/uploads\/2014\/06\/image539513db66cd81.54133360-300x169.jpg",300,169,true],"medium":["https:\/\/curva1.com.ar\/wp-content\/uploads\/2014\/06\/image539513db66cd81.54133360-519x337.jpg",519,337,true],"medium_large":["https:\/\/curva1.com.ar\/wp-content\/uploads\/2014\/06\/image539513db66cd81.54133360.jpg",640,415,false],"large":["https:\/\/curva1.com.ar\/wp-content\/uploads\/2014\/06\/image539513db66cd81.54133360-1024x664.jpg",640,415,true],"1536x1536":["https:\/\/curva1.com.ar\/wp-content\/uploads\/2014\/06\/image539513db66cd81.54133360.jpg",1536,997,false],"2048x2048":["https:\/\/curva1.com.ar\/wp-content\/uploads\/2014\/06\/image539513db66cd81.54133360.jpg",1629,1057,false],"chromenews-featured":["https:\/\/curva1.com.ar\/wp-content\/uploads\/2014\/06\/image539513db66cd81.54133360.jpg",1024,664,false],"chromenews-large":["https:\/\/curva1.com.ar\/wp-content\/uploads\/2014\/06\/image539513db66cd81.54133360.jpg",825,535,false],"chromenews-medium":["https:\/\/curva1.com.ar\/wp-content\/uploads\/2014\/06\/image539513db66cd81.54133360.jpg",590,383,false]},"author_info":{"display_name":"Jos\u00e9 Bravo","author_link":"https:\/\/curva1.com.ar\/?author=1"},"category_info":"<a href=\"https:\/\/curva1.com.ar\/?cat=6\" rel=\"category\">Nacionales<\/a>","tag_info":"Nacionales","comment_count":"0","yoast_head":"<!-- This site is optimized with the Yoast SEO Premium plugin v14.7 - https:\/\/yoast.com\/wordpress\/plugins\/seo\/ -->\n<title>Garc\u00eda hizo podio y Halpern lo acarici\u00f3 en el Cross Country de La Cumbre - Curva 1<\/title>\n<meta name=\"robots\" content=\"index, follow\" \/>\n<meta name=\"googlebot\" content=\"index, follow, max-snippet:-1, max-image-preview:large, max-video-preview:-1\" \/>\n<meta name=\"bingbot\" content=\"index, follow, max-snippet:-1, max-image-preview:large, max-video-preview:-1\" \/>\n<link rel=\"canonical\" href=\"https:\/\/curva1.com.ar\/?p=12321\" \/>\n<meta property=\"og:locale\" content=\"en_US\" \/>\n<meta property=\"og:type\" content=\"article\" \/>\n<meta property=\"og:title\" content=\"Garc\u00eda hizo podio y Halpern lo acarici\u00f3 en el Cross Country de La Cumbre - Curva 1\" \/>\n<meta property=\"og:description\" content=\"El sanrafaelino result\u00f3 segundo en Autos, mientras que el Colorado lleg\u00f3 cuarto en los Cuatriciclos\" \/>\n<meta property=\"og:url\" content=\"https:\/\/curva1.com.ar\/?p=12321\" \/>\n<meta property=\"og:site_name\" content=\"Curva 1\" \/>\n<meta property=\"article:publisher\" content=\"https:\/\/www.facebook.com\/revistacurva1\/\" \/>\n<meta property=\"article:published_time\" content=\"2014-06-10T01:58:36+00:00\" \/>\n<meta property=\"og:image\" content=\"https:\/\/curva1.com.ar\/wp-content\/uploads\/2014\/06\/image539513db66cd81.54133360.jpg\" \/>\n\t<meta property=\"og:image:width\" content=\"1629\" \/>\n\t<meta property=\"og:image:height\" content=\"1057\" \/>\n<meta property=\"fb:app_id\" content=\"1593067817533208\" \/>\n<meta name=\"twitter:card\" content=\"summary_large_image\" \/>\n<meta name=\"twitter:creator\" content=\"@curva1mendoza\" \/>\n<meta name=\"twitter:site\" content=\"@curva1mendoza\" \/>\n<script type=\"application\/ld+json\" class=\"yoast-schema-graph\">{\"@context\":\"https:\/\/schema.org\",\"@graph\":[{\"@type\":\"WebSite\",\"@id\":\"https:\/\/curva1.com.ar\/#website\",\"url\":\"https:\/\/curva1.com.ar\/\",\"name\":\"Curva 1\",\"description\":\"Automovilismo de Mendoza\",\"potentialAction\":[{\"@type\":\"SearchAction\",\"target\":\"https:\/\/curva1.com.ar\/?s={search_term_string}\",\"query-input\":\"required name=search_term_string\"}],\"inLanguage\":\"en-US\"},{\"@type\":\"ImageObject\",\"@id\":\"https:\/\/curva1.com.ar\/?p=12321#primaryimage\",\"inLanguage\":\"en-US\",\"url\":\"https:\/\/curva1.com.ar\/wp-content\/uploads\/2014\/06\/image539513db66cd81.54133360.jpg\",\"width\":1629,\"height\":1057},{\"@type\":\"WebPage\",\"@id\":\"https:\/\/curva1.com.ar\/?p=12321#webpage\",\"url\":\"https:\/\/curva1.com.ar\/?p=12321\",\"name\":\"Garc\\u00eda hizo podio y Halpern lo acarici\\u00f3 en el Cross Country de La Cumbre - Curva 1\",\"isPartOf\":{\"@id\":\"https:\/\/curva1.com.ar\/#website\"},\"primaryImageOfPage\":{\"@id\":\"https:\/\/curva1.com.ar\/?p=12321#primaryimage\"},\"datePublished\":\"2014-06-10T01:58:36+00:00\",\"dateModified\":\"2014-06-10T01:58:36+00:00\",\"author\":{\"@id\":\"https:\/\/curva1.com.ar\/#\/schema\/person\/f5fd12984d70df7314fbd9ab42f31033\"},\"inLanguage\":\"en-US\",\"potentialAction\":[{\"@type\":\"ReadAction\",\"target\":[\"https:\/\/curva1.com.ar\/?p=12321\"]}]},{\"@type\":[\"Person\"],\"@id\":\"https:\/\/curva1.com.ar\/#\/schema\/person\/f5fd12984d70df7314fbd9ab42f31033\",\"name\":\"Jos\\u00e9 Bravo\",\"image\":{\"@type\":\"ImageObject\",\"@id\":\"https:\/\/curva1.com.ar\/#personlogo\",\"inLanguage\":\"en-US\",\"url\":\"https:\/\/secure.gravatar.com\/avatar\/3ae0b1fdc6ddeb723a6e6c23609ed39de1d40a94b8112fd2c0c2032e2dabf28b?s=96&d=identicon&r=g\",\"caption\":\"Jos\\u00e9 Bravo\"}}]}<\/script>\n<!-- \/ Yoast SEO Premium plugin. -->","_links":{"self":[{"href":"https:\/\/curva1.com.ar\/index.php?rest_route=\/wp\/v2\/posts\/12321","targetHints":{"allow":["GET"]}}],"collection":[{"href":"https:\/\/curva1.com.ar\/index.php?rest_route=\/wp\/v2\/posts"}],"about":[{"href":"https:\/\/curva1.com.ar\/index.php?rest_route=\/wp\/v2\/types\/post"}],"author":[{"embeddable":true,"href":"https:\/\/curva1.com.ar\/index.php?rest_route=\/wp\/v2\/users\/1"}],"replies":[{"embeddable":true,"href":"https:\/\/curva1.com.ar\/index.php?rest_route=%2Fwp%2Fv2%2Fcomments&post=12321"}],"version-history":[{"count":1,"href":"https:\/\/curva1.com.ar\/index.php?rest_route=\/wp\/v2\/posts\/12321\/revisions"}],"predecessor-version":[{"id":12323,"href":"https:\/\/curva1.com.ar\/index.php?rest_route=\/wp\/v2\/posts\/12321\/revisions\/12323"}],"wp:featuredmedia":[{"embeddable":true,"href":"https:\/\/curva1.com.ar\/index.php?rest_route=\/wp\/v2\/media\/12322"}],"wp:attachment":[{"href":"https:\/\/curva1.com.ar\/index.php?rest_route=%2Fwp%2Fv2%2Fmedia&parent=12321"}],"wp:term":[{"taxonomy":"category","embeddable":true,"href":"https:\/\/curva1.com.ar\/index.php?rest_route=%2Fwp%2Fv2%2Fcategories&post=12321"},{"taxonomy":"post_tag","embeddable":true,"href":"https:\/\/curva1.com.ar\/index.php?rest_route=%2Fwp%2Fv2%2Ftags&post=12321"}],"curies":[{"name":"wp","href":"https:\/\/api.w.org\/{rel}","templated":true}]}}