{"id":1235,"date":"2012-09-18T21:11:11","date_gmt":"2012-09-19T00:11:11","guid":{"rendered":"http:\/\/www.curva1.com.ar\/?p=1235"},"modified":"2012-09-19T01:59:13","modified_gmt":"2012-09-19T04:59:13","slug":"jalaf-analiza-su-futuro-tras-conocer-que-su-equipo-se-retira-del-tc","status":"publish","type":"post","link":"https:\/\/curva1.com.ar\/?p=1235","title":{"rendered":"Jalaf analiza su futuro luego de saber que su equipo se va del TC"},"content":{"rendered":"<p><img loading=\"lazy\" decoding=\"async\" class=\"aligncenter size-full wp-image-1237\" title=\"jalaf 83246699_n\" src=\"http:\/\/www.curva1.com.ar\/wp-content\/uploads\/2012\/09\/jalaf-83246699_n.jpg\" alt=\"\" width=\"500\" height=\"281\" srcset=\"https:\/\/curva1.com.ar\/wp-content\/uploads\/2012\/09\/jalaf-83246699_n.jpg 500w, https:\/\/curva1.com.ar\/wp-content\/uploads\/2012\/09\/jalaf-83246699_n-300x168.jpg 300w\" sizes=\"auto, (max-width: 500px) 100vw, 500px\" \/><\/p>\n<p>Ante la decisi\u00f3n del equipo Lincoln Competici\u00f3n de no seguir en el 2013 como estructura, Mat\u00edas Jalaf analiza opciones para definir su continuidad en el Turismo Carretera desde la pr\u00f3xima temporada.<\/p>\n<div>Christian Lucci, director de la escuadra con la cual el mendocino compite desde 2009, tom\u00f3 la decisi\u00f3n de que su equipo, el Lincoln Competici\u00f3n, no siga cuando finalice el actual campeonato. Por ello, Jalaf comenzar\u00e1 desde ahora a evaluar y seleccionar la opci\u00f3n m\u00e1s indicada para continuar el pr\u00f3ximo a\u00f1o en la categor\u00eda m\u00e1s popular del automovilismo nacional, al mismo tiempo que intentar\u00e1 cerrar el presente certamen con los mejores resultados posibles.<\/div>\n","protected":false},"excerpt":{"rendered":"<p>Ante la decisi\u00f3n del equipo Lincoln Competici\u00f3n de no seguir en el 2013 como estructura,<\/p>\n","protected":false},"author":1,"featured_media":1237,"comment_status":"open","ping_status":"closed","sticky":false,"template":"","format":"standard","meta":{"footnotes":""},"categories":[6],"tags":[],"class_list":["post-1235","post","type-post","status-publish","format-standard","has-post-thumbnail","hentry","category-nacionales"],"featured_image_urls":{"full":["https:\/\/curva1.com.ar\/wp-content\/uploads\/2012\/09\/jalaf-83246699_n.jpg",500,281,false],"thumbnail":["https:\/\/curva1.com.ar\/wp-content\/uploads\/2012\/09\/jalaf-83246699_n-150x150.jpg",150,150,true],"medium":["https:\/\/curva1.com.ar\/wp-content\/uploads\/2012\/09\/jalaf-83246699_n-300x168.jpg",300,168,true],"medium_large":["https:\/\/curva1.com.ar\/wp-content\/uploads\/2012\/09\/jalaf-83246699_n.jpg",500,281,false],"large":["https:\/\/curva1.com.ar\/wp-content\/uploads\/2012\/09\/jalaf-83246699_n.jpg",500,281,false],"1536x1536":["https:\/\/curva1.com.ar\/wp-content\/uploads\/2012\/09\/jalaf-83246699_n.jpg",500,281,false],"2048x2048":["https:\/\/curva1.com.ar\/wp-content\/uploads\/2012\/09\/jalaf-83246699_n.jpg",500,281,false],"chromenews-featured":["https:\/\/curva1.com.ar\/wp-content\/uploads\/2012\/09\/jalaf-83246699_n.jpg",500,281,false],"chromenews-large":["https:\/\/curva1.com.ar\/wp-content\/uploads\/2012\/09\/jalaf-83246699_n.jpg",500,281,false],"chromenews-medium":["https:\/\/curva1.com.ar\/wp-content\/uploads\/2012\/09\/jalaf-83246699_n.jpg",500,281,false]},"author_info":{"display_name":"Jos\u00e9 Bravo","author_link":"https:\/\/curva1.com.ar\/?author=1"},"category_info":"<a href=\"https:\/\/curva1.com.ar\/?cat=6\" rel=\"category\">Nacionales<\/a>","tag_info":"Nacionales","comment_count":"0","_links":{"self":[{"href":"https:\/\/curva1.com.ar\/index.php?rest_route=\/wp\/v2\/posts\/1235","targetHints":{"allow":["GET"]}}],"collection":[{"href":"https:\/\/curva1.com.ar\/index.php?rest_route=\/wp\/v2\/posts"}],"about":[{"href":"https:\/\/curva1.com.ar\/index.php?rest_route=\/wp\/v2\/types\/post"}],"author":[{"embeddable":true,"href":"https:\/\/curva1.com.ar\/index.php?rest_route=\/wp\/v2\/users\/1"}],"replies":[{"embeddable":true,"href":"https:\/\/curva1.com.ar\/index.php?rest_route=%2Fwp%2Fv2%2Fcomments&post=1235"}],"version-history":[{"count":3,"href":"https:\/\/curva1.com.ar\/index.php?rest_route=\/wp\/v2\/posts\/1235\/revisions"}],"predecessor-version":[{"id":1244,"href":"https:\/\/curva1.com.ar\/index.php?rest_route=\/wp\/v2\/posts\/1235\/revisions\/1244"}],"wp:featuredmedia":[{"embeddable":true,"href":"https:\/\/curva1.com.ar\/index.php?rest_route=\/wp\/v2\/media\/1237"}],"wp:attachment":[{"href":"https:\/\/curva1.com.ar\/index.php?rest_route=%2Fwp%2Fv2%2Fmedia&parent=1235"}],"wp:term":[{"taxonomy":"category","embeddable":true,"href":"https:\/\/curva1.com.ar\/index.php?rest_route=%2Fwp%2Fv2%2Fcategories&post=1235"},{"taxonomy":"post_tag","embeddable":true,"href":"https:\/\/curva1.com.ar\/index.php?rest_route=%2Fwp%2Fv2%2Ftags&post=1235"}],"curies":[{"name":"wp","href":"https:\/\/api.w.org\/{rel}","templated":true}]}}