{"id":12416,"date":"2014-06-16T14:41:53","date_gmt":"2014-06-16T17:41:53","guid":{"rendered":"http:\/\/www.curva1.com.ar\/?p=12416"},"modified":"2014-06-16T14:41:53","modified_gmt":"2014-06-16T17:41:53","slug":"nuevo-podio-de-lucio-alvarez-en-el-rally-argentino","status":"publish","type":"post","link":"https:\/\/curva1.com.ar\/?p=12416","title":{"rendered":"Nuevo podio de Lucio Alvarez en el Rally Argentino"},"content":{"rendered":"<p><img loading=\"lazy\" decoding=\"async\" class=\"aligncenter size-full wp-image-12417\" src=\"http:\/\/www.curva1.com.ar\/wp-content\/uploads\/2014\/06\/cad2Sts.jpg\" alt=\"cad2Sts\" width=\"720\" height=\"405\" srcset=\"https:\/\/curva1.com.ar\/wp-content\/uploads\/2014\/06\/cad2Sts.jpg 720w, https:\/\/curva1.com.ar\/wp-content\/uploads\/2014\/06\/cad2Sts-300x169.jpg 300w, https:\/\/curva1.com.ar\/wp-content\/uploads\/2014\/06\/cad2Sts-600x337.jpg 600w\" sizes=\"auto, (max-width: 720px) 100vw, 720px\" \/><\/p>\n<h2 class=\"interiordescription\" style=\"color: #3c3c3c; font-weight: normal; font-size: 17px; margin: 0px 0px 20px; font-family: Tahoma, Geneva, sans-serif; font-style: normal; font-variant: normal; letter-spacing: normal; line-height: normal; orphans: auto; text-align: left; text-indent: 0px; text-transform: none; white-space: normal; widows: auto; word-spacing: 0px; -webkit-text-stroke-width: 0px; background-color: #ffffff;\">El mendocino sigue sumando y se afianza en la lucha directa por la corona de la Copa Maxi Rally. Fue tercero en la cita que se disput\u00f3 en Catamarca y contin\u00faa su excelente momento en la competitiva especialidad.<\/h2>\n<div class=\"interiorauthor\" style=\"color: #1b76bd; font-size: 14px; font-weight: bold; margin-top: 8px;\"><a style=\"color: #1b76bd; text-decoration: none;\" href=\"mailto:deportes@sitioandino.com.ar\" target=\"_blank\">V\u00eda Secci\u00f3n Andino Sports<\/a><\/div>\n<div class=\"interiorauthor\" style=\"color: #1b76bd; font-size: 14px; font-weight: bold; margin-top: 8px;\"><span style=\"color: #3c3c3c; font-family: Tahoma, Geneva, sans-serif; font-size: 14.44444465637207px; font-style: normal; font-variant: normal; font-weight: normal; letter-spacing: normal; line-height: 20px; orphans: auto; text-align: left; text-indent: 0px; text-transform: none; white-space: normal; widows: auto; word-spacing: 0px; -webkit-text-stroke-width: 0px; display: inline !important; float: none; background-color: #ffffff;\">Las fechas pasan y Lucio \u00c1lvarez sigue dando batalla por la corona de la Copa Maxi Rally. Durante el fin de semana en Catamarca, se mantuvo entre los tres mejores de la divisional para, una vez m\u00e1s, subir al podio de la divisional.<\/span><\/div>\n<div class=\"interiorauthor\" style=\"color: #1b76bd; font-size: 14px; font-weight: bold; margin-top: 8px;\">\n<p style=\"color: #3c3c3c; font-family: Tahoma, Geneva, sans-serif; font-size: 14.44444465637207px; font-style: normal; font-variant: normal; font-weight: normal; letter-spacing: normal; line-height: 20px; orphans: auto; text-align: left; text-indent: 0px; text-transform: none; white-space: normal; widows: auto; word-spacing: 0px; -webkit-text-stroke-width: 0px; background-color: #ffffff;\">Fue un domingo con mucha acci\u00f3n y con final incierto. Porque la lucha entre \u00c1lvarez y los Preto, Luciano y Daniel, tuvo una tremenda emotividad y qued\u00f3 reflejada en los tiempos finales. El ganador fue Luciano, pero entre Daniel Preto y el mendocino hubo s\u00f3lo diez segundos de diferencia, lo que demuestra la competitividad y sobre todo la calidad de los integrantes de la Copa. Claudio L\u00f3pez (Agile) y David Nalbandian (Agile) completaron los primeros cinco lugares de la clasificaci\u00f3n.<\/p>\n<p style=\"color: #3c3c3c; font-family: Tahoma, Geneva, sans-serif; font-size: 14.44444465637207px; font-style: normal; font-variant: normal; font-weight: normal; letter-spacing: normal; line-height: 20px; orphans: auto; text-align: left; text-indent: 0px; text-transform: none; white-space: normal; widows: auto; word-spacing: 0px; -webkit-text-stroke-width: 0px; background-color: #ffffff;\">\u201cEstamos muy contentos porque tuvimos otro fin de semana altamente positivo. Sab\u00edamos que la segunda parte de la carrera iba a ser m\u00e1s exigente pero gracias al rendimiento del auto pudimos cumplirla sin problemas y luchando hasta el \u00faltimo tramo por el segundo lugar\u201d, cont\u00f3.<\/p>\n<p style=\"color: #3c3c3c; font-family: Tahoma, Geneva, sans-serif; font-size: 14.44444465637207px; font-style: normal; font-variant: normal; font-weight: normal; letter-spacing: normal; line-height: 20px; orphans: auto; text-align: left; text-indent: 0px; text-transform: none; white-space: normal; widows: auto; word-spacing: 0px; -webkit-text-stroke-width: 0px; background-color: #ffffff;\">Y continu\u00f3: \u201cPor fortuna tengo un equipo que trabaja mucho y me entrega una herramienta confiable para mantenernos en la lucha. Terminamos terceros, seguimos sumando puntos y el objetivo de pelear por el campeonato sigue estando latente\u201d.<\/p>\n<div class=\"image\" style=\"color: #3c3c3c; font-family: Tahoma, Geneva, sans-serif; font-size: 14.44444465637207px; font-style: normal; font-variant: normal; font-weight: normal; letter-spacing: normal; line-height: 20px; orphans: auto; text-align: left; text-indent: 0px; text-transform: none; white-space: normal; widows: auto; word-spacing: 0px; -webkit-text-stroke-width: 0px; background-color: #ffffff;\">\u201cHaber tenido una intensa prueba antes de Catamarca, ayud\u00f3 mucho para ganar ritmo y hoy qued\u00f3 demostrado. Nos volvemos\u00a0 a Mendoza con un nuevo podio y si bien no se dio la victoria, mantenernos arriba es muy bueno. En cualquier momento se dar\u00e1, estamos por el camino correcto\u201d, finaliz\u00f3 \u00c1lvarez quien en la clasificaci\u00f3n general termin\u00f3 d\u00e9cimo.<span class=\"Apple-converted-space\">\u00a0<\/span><\/p>\n<p>La pr\u00f3xima competencia de la temporada ser\u00e1 el 19 y 20 pero resta confirmar el lugar de disputa.<span class=\"Apple-converted-space\">\u00a0<\/span><\/p>\n<p><strong>Clasificaci\u00f3n<\/strong><\/p>\n<p>1-Luciano Preto\/Marcelo Der Ohannesian\u00a0\u00a0\u00a0\u00a0\u00a0\u00a0\u00a0\u00a0\u00a0\u00a0\u00a0\u00a0\u00a0\u00a0\u00a0 (Peugeot 208 MR)\u00a0\u00a0\u00a0\u00a0\u00a0\u00a0\u00a0\u00a0\u00a0\u00a0\u00a0\u00a0\u00a0\u00a0\u00a0\u00a0\u00a0\u00a0\u00a0\u00a0\u00a0\u00a0 1h14m42s3<br \/>\n2-Daniel Preto\/Marcelo Brizio\u00a0\u00a0\u00a0\u00a0\u00a0\u00a0\u00a0\u00a0\u00a0\u00a0\u00a0\u00a0\u00a0\u00a0\u00a0\u00a0\u00a0\u00a0\u00a0\u00a0\u00a0\u00a0\u00a0\u00a0\u00a0\u00a0\u00a0\u00a0\u00a0\u00a0\u00a0\u00a0\u00a0\u00a0\u00a0 (Peugeot 208 MR)\u00a0\u00a0\u00a0\u00a0\u00a0\u00a0\u00a0\u00a0\u00a0\u00a0\u00a0\u00a0\u00a0\u00a0\u00a0\u00a0\u00a0\u00a0\u00a0\u00a0\u00a0\u00a0 1h15m26s6<br \/>\n3-Lucio \u00c1lvarez\/Javier Montero\u00a0\u00a0\u00a0\u00a0\u00a0\u00a0\u00a0\u00a0\u00a0\u00a0\u00a0\u00a0\u00a0\u00a0\u00a0\u00a0\u00a0\u00a0\u00a0\u00a0\u00a0\u00a0\u00a0\u00a0\u00a0\u00a0\u00a0\u00a0\u00a0\u00a0\u00a0 (VW Gol MR)\u00a0\u00a0\u00a0\u00a0\u00a0\u00a0\u00a0\u00a0\u00a0\u00a0\u00a0\u00a0\u00a0\u00a0\u00a0\u00a0\u00a0\u00a0\u00a0\u00a0\u00a0\u00a0\u00a0\u00a0\u00a0\u00a0\u00a0\u00a0\u00a0\u00a0 1h15m38s1<br \/>\n4-Claudio L\u00f3pez\/Fabi\u00e1n Cretu\u00a0\u00a0\u00a0\u00a0\u00a0\u00a0\u00a0\u00a0\u00a0\u00a0\u00a0\u00a0\u00a0\u00a0\u00a0\u00a0\u00a0\u00a0\u00a0\u00a0\u00a0\u00a0\u00a0\u00a0\u00a0\u00a0\u00a0\u00a0\u00a0\u00a0\u00a0\u00a0\u00a0 (Chevrolet Agile MR)\u00a0\u00a0\u00a0\u00a0\u00a0\u00a0\u00a0\u00a0\u00a0\u00a0\u00a0\u00a0\u00a0\u00a0\u00a0\u00a0\u00a0\u00a0\u00a0 1h16m13s5<br \/>\n5-David Nalbandian\/Daniel Stillo\u00a0\u00a0\u00a0\u00a0\u00a0\u00a0\u00a0\u00a0\u00a0\u00a0\u00a0\u00a0\u00a0\u00a0\u00a0\u00a0\u00a0\u00a0\u00a0\u00a0\u00a0\u00a0\u00a0\u00a0\u00a0\u00a0\u00a0\u00a0\u00a0\u00a0 (Chevrolet Agile MR)\u00a0\u00a0\u00a0\u00a0\u00a0\u00a0\u00a0\u00a0\u00a0\u00a0\u00a0\u00a0\u00a0\u00a0\u00a0\u00a0\u00a0\u00a0\u00a0 1h16m29s9<\/p>\n<p><strong>Campeonato<br \/>\n<\/strong><br \/>\n1-Luciano Preto\u00a0\u00a0\u00a0\u00a0\u00a0\u00a0\u00a0\u00a0\u00a0\u00a0\u00a0\u00a0\u00a0\u00a0\u00a0 142 pts<br \/>\n2-Lucio \u00c1lvarez\u00a0\u00a0\u00a0\u00a0\u00a0\u00a0\u00a0\u00a0\u00a0\u00a0\u00a0\u00a0\u00a0\u00a0\u00a0\u00a0 99<br \/>\n3-Fernando Scarlatta\u00a0\u00a0\u00a0\u00a0\u00a0\u00a0\u00a0 64<br \/>\n4-David Nalbandian\u00a0\u00a0\u00a0\u00a0\u00a0\u00a0\u00a0\u00a0\u00a0\u00a0 54<br \/>\n5-Daniel Preto\u00a0\u00a0\u00a0\u00a0\u00a0\u00a0\u00a0\u00a0\u00a0\u00a0\u00a0\u00a0\u00a0\u00a0\u00a0\u00a0\u00a0\u00a0 33<\/div>\n<div class=\"image\" style=\"color: #3c3c3c; font-family: Tahoma, Geneva, sans-serif; font-size: 14.44444465637207px; font-style: normal; font-variant: normal; font-weight: normal; letter-spacing: normal; line-height: 20px; orphans: auto; text-align: left; text-indent: 0px; text-transform: none; white-space: normal; widows: auto; word-spacing: 0px; -webkit-text-stroke-width: 0px; background-color: #ffffff;\"><\/div>\n<div class=\"image\" style=\"color: #3c3c3c; font-family: Tahoma, Geneva, sans-serif; font-size: 14.44444465637207px; font-style: normal; font-variant: normal; font-weight: normal; letter-spacing: normal; line-height: 20px; orphans: auto; text-align: left; text-indent: 0px; text-transform: none; white-space: normal; widows: auto; word-spacing: 0px; -webkit-text-stroke-width: 0px; background-color: #ffffff;\"><img loading=\"lazy\" decoding=\"async\" class=\"aligncenter size-full wp-image-12419\" src=\"http:\/\/www.curva1.com.ar\/wp-content\/uploads\/2014\/06\/lucio-alvarez-rally-argentino-89cb427f_980_.jpg\" alt=\"lucio alvarez rally argentino 89cb427f_980_!\" width=\"720\" height=\"480\" srcset=\"https:\/\/curva1.com.ar\/wp-content\/uploads\/2014\/06\/lucio-alvarez-rally-argentino-89cb427f_980_.jpg 720w, https:\/\/curva1.com.ar\/wp-content\/uploads\/2014\/06\/lucio-alvarez-rally-argentino-89cb427f_980_-505x337.jpg 505w\" sizes=\"auto, (max-width: 720px) 100vw, 720px\" \/><\/div>\n<\/div>\n","protected":false},"excerpt":{"rendered":"<p>El mendocino sigue sumando y se afianza en la lucha directa por la corona de<\/p>\n","protected":false},"author":1,"featured_media":12417,"comment_status":"open","ping_status":"closed","sticky":false,"template":"","format":"standard","meta":{"footnotes":""},"categories":[6],"tags":[],"class_list":["post-12416","post","type-post","status-publish","format-standard","has-post-thumbnail","hentry","category-nacionales"],"featured_image_urls":{"full":["https:\/\/curva1.com.ar\/wp-content\/uploads\/2014\/06\/cad2Sts.jpg",720,405,false],"thumbnail":["https:\/\/curva1.com.ar\/wp-content\/uploads\/2014\/06\/cad2Sts-300x169.jpg",300,169,true],"medium":["https:\/\/curva1.com.ar\/wp-content\/uploads\/2014\/06\/cad2Sts-600x337.jpg",600,337,true],"medium_large":["https:\/\/curva1.com.ar\/wp-content\/uploads\/2014\/06\/cad2Sts.jpg",640,360,false],"large":["https:\/\/curva1.com.ar\/wp-content\/uploads\/2014\/06\/cad2Sts.jpg",640,360,false],"1536x1536":["https:\/\/curva1.com.ar\/wp-content\/uploads\/2014\/06\/cad2Sts.jpg",720,405,false],"2048x2048":["https:\/\/curva1.com.ar\/wp-content\/uploads\/2014\/06\/cad2Sts.jpg",720,405,false],"chromenews-featured":["https:\/\/curva1.com.ar\/wp-content\/uploads\/2014\/06\/cad2Sts.jpg",720,405,false],"chromenews-large":["https:\/\/curva1.com.ar\/wp-content\/uploads\/2014\/06\/cad2Sts.jpg",720,405,false],"chromenews-medium":["https:\/\/curva1.com.ar\/wp-content\/uploads\/2014\/06\/cad2Sts.jpg",590,332,false]},"author_info":{"display_name":"Jos\u00e9 Bravo","author_link":"https:\/\/curva1.com.ar\/?author=1"},"category_info":"<a href=\"https:\/\/curva1.com.ar\/?cat=6\" rel=\"category\">Nacionales<\/a>","tag_info":"Nacionales","comment_count":"0","yoast_head":"<!-- This site is optimized with the Yoast SEO Premium plugin v14.7 - https:\/\/yoast.com\/wordpress\/plugins\/seo\/ -->\n<title>Nuevo podio de Lucio Alvarez en el Rally Argentino - Curva 1<\/title>\n<meta name=\"robots\" content=\"index, follow\" \/>\n<meta name=\"googlebot\" content=\"index, follow, max-snippet:-1, max-image-preview:large, max-video-preview:-1\" \/>\n<meta name=\"bingbot\" content=\"index, follow, max-snippet:-1, max-image-preview:large, max-video-preview:-1\" \/>\n<link rel=\"canonical\" href=\"https:\/\/curva1.com.ar\/?p=12416\" \/>\n<meta property=\"og:locale\" content=\"en_US\" \/>\n<meta property=\"og:type\" content=\"article\" \/>\n<meta property=\"og:title\" content=\"Nuevo podio de Lucio Alvarez en el Rally Argentino - Curva 1\" \/>\n<meta property=\"og:description\" content=\"El mendocino sigue sumando y se afianza en la lucha directa por la corona de\" \/>\n<meta property=\"og:url\" content=\"https:\/\/curva1.com.ar\/?p=12416\" \/>\n<meta property=\"og:site_name\" content=\"Curva 1\" \/>\n<meta property=\"article:publisher\" content=\"https:\/\/www.facebook.com\/revistacurva1\/\" \/>\n<meta property=\"article:published_time\" content=\"2014-06-16T17:41:53+00:00\" \/>\n<meta property=\"og:image\" content=\"https:\/\/curva1.com.ar\/wp-content\/uploads\/2014\/06\/cad2Sts.jpg\" \/>\n\t<meta property=\"og:image:width\" content=\"720\" \/>\n\t<meta property=\"og:image:height\" content=\"405\" \/>\n<meta property=\"fb:app_id\" content=\"1593067817533208\" \/>\n<meta name=\"twitter:card\" content=\"summary_large_image\" \/>\n<meta name=\"twitter:creator\" content=\"@curva1mendoza\" \/>\n<meta name=\"twitter:site\" content=\"@curva1mendoza\" \/>\n<script type=\"application\/ld+json\" class=\"yoast-schema-graph\">{\"@context\":\"https:\/\/schema.org\",\"@graph\":[{\"@type\":\"WebSite\",\"@id\":\"https:\/\/curva1.com.ar\/#website\",\"url\":\"https:\/\/curva1.com.ar\/\",\"name\":\"Curva 1\",\"description\":\"Automovilismo de Mendoza\",\"potentialAction\":[{\"@type\":\"SearchAction\",\"target\":\"https:\/\/curva1.com.ar\/?s={search_term_string}\",\"query-input\":\"required name=search_term_string\"}],\"inLanguage\":\"en-US\"},{\"@type\":\"ImageObject\",\"@id\":\"https:\/\/curva1.com.ar\/?p=12416#primaryimage\",\"inLanguage\":\"en-US\",\"url\":\"https:\/\/curva1.com.ar\/wp-content\/uploads\/2014\/06\/cad2Sts.jpg\",\"width\":720,\"height\":405},{\"@type\":\"WebPage\",\"@id\":\"https:\/\/curva1.com.ar\/?p=12416#webpage\",\"url\":\"https:\/\/curva1.com.ar\/?p=12416\",\"name\":\"Nuevo podio de Lucio Alvarez en el Rally Argentino - Curva 1\",\"isPartOf\":{\"@id\":\"https:\/\/curva1.com.ar\/#website\"},\"primaryImageOfPage\":{\"@id\":\"https:\/\/curva1.com.ar\/?p=12416#primaryimage\"},\"datePublished\":\"2014-06-16T17:41:53+00:00\",\"dateModified\":\"2014-06-16T17:41:53+00:00\",\"author\":{\"@id\":\"https:\/\/curva1.com.ar\/#\/schema\/person\/f5fd12984d70df7314fbd9ab42f31033\"},\"inLanguage\":\"en-US\",\"potentialAction\":[{\"@type\":\"ReadAction\",\"target\":[\"https:\/\/curva1.com.ar\/?p=12416\"]}]},{\"@type\":[\"Person\"],\"@id\":\"https:\/\/curva1.com.ar\/#\/schema\/person\/f5fd12984d70df7314fbd9ab42f31033\",\"name\":\"Jos\\u00e9 Bravo\",\"image\":{\"@type\":\"ImageObject\",\"@id\":\"https:\/\/curva1.com.ar\/#personlogo\",\"inLanguage\":\"en-US\",\"url\":\"https:\/\/secure.gravatar.com\/avatar\/3ae0b1fdc6ddeb723a6e6c23609ed39de1d40a94b8112fd2c0c2032e2dabf28b?s=96&d=identicon&r=g\",\"caption\":\"Jos\\u00e9 Bravo\"}}]}<\/script>\n<!-- \/ Yoast SEO Premium plugin. -->","_links":{"self":[{"href":"https:\/\/curva1.com.ar\/index.php?rest_route=\/wp\/v2\/posts\/12416","targetHints":{"allow":["GET"]}}],"collection":[{"href":"https:\/\/curva1.com.ar\/index.php?rest_route=\/wp\/v2\/posts"}],"about":[{"href":"https:\/\/curva1.com.ar\/index.php?rest_route=\/wp\/v2\/types\/post"}],"author":[{"embeddable":true,"href":"https:\/\/curva1.com.ar\/index.php?rest_route=\/wp\/v2\/users\/1"}],"replies":[{"embeddable":true,"href":"https:\/\/curva1.com.ar\/index.php?rest_route=%2Fwp%2Fv2%2Fcomments&post=12416"}],"version-history":[{"count":1,"href":"https:\/\/curva1.com.ar\/index.php?rest_route=\/wp\/v2\/posts\/12416\/revisions"}],"predecessor-version":[{"id":12420,"href":"https:\/\/curva1.com.ar\/index.php?rest_route=\/wp\/v2\/posts\/12416\/revisions\/12420"}],"wp:featuredmedia":[{"embeddable":true,"href":"https:\/\/curva1.com.ar\/index.php?rest_route=\/wp\/v2\/media\/12417"}],"wp:attachment":[{"href":"https:\/\/curva1.com.ar\/index.php?rest_route=%2Fwp%2Fv2%2Fmedia&parent=12416"}],"wp:term":[{"taxonomy":"category","embeddable":true,"href":"https:\/\/curva1.com.ar\/index.php?rest_route=%2Fwp%2Fv2%2Fcategories&post=12416"},{"taxonomy":"post_tag","embeddable":true,"href":"https:\/\/curva1.com.ar\/index.php?rest_route=%2Fwp%2Fv2%2Ftags&post=12416"}],"curies":[{"name":"wp","href":"https:\/\/api.w.org\/{rel}","templated":true}]}}