{"id":1256,"date":"2012-09-20T15:51:26","date_gmt":"2012-09-20T18:51:26","guid":{"rendered":"http:\/\/www.curva1.com.ar\/?p=1256"},"modified":"2013-01-30T02:08:51","modified_gmt":"2013-01-30T05:08:51","slug":"curva-1-kart-viaja-a-formosa-invitado-por-la-federacion","status":"publish","type":"post","link":"https:\/\/curva1.com.ar\/?p=1256","title":{"rendered":"Curva 1 KART a Formosa invitado por la Asociaci\u00f3n de Pilotos"},"content":{"rendered":"<p><img loading=\"lazy\" decoding=\"async\" class=\"aligncenter size-full wp-image-1257\" title=\"2011 kartodromo aerea\" src=\"http:\/\/www.curva1.com.ar\/wp-content\/uploads\/2012\/09\/2011-kartodromo-aerea.jpg\" alt=\"\" width=\"500\" height=\"281\" srcset=\"https:\/\/curva1.com.ar\/wp-content\/uploads\/2012\/09\/2011-kartodromo-aerea.jpg 500w, https:\/\/curva1.com.ar\/wp-content\/uploads\/2012\/09\/2011-kartodromo-aerea-300x168.jpg 300w\" sizes=\"auto, (max-width: 500px) 100vw, 500px\" \/><\/p>\n<p>Invitado por la Asociaci\u00f3n de Pilotos de Rally y Karting de Formosa (<a href=\"http:\/\/aprakart.com\/\" target=\"_blank\">APRAKART<\/a>) y la familia Beber,\u00a0<strong>Curva 1 KART<\/strong>\u00a0estar\u00e1 este fin de semana en el norte de Argentina, para celebrar el 1\u00ba Aniversario del Kart\u00f3dromo de Asfalto &#8220;Ciudad de Formosa&#8221;.<\/p>\n<p>All\u00ed se llevar\u00e1 a cabo la 8\u00ba fecha del Karting del NEA donde se reunir\u00e1n m\u00e1s de un centenar de pilotos de la regi\u00f3n en la competencia se llamar\u00e1\u00a0\u201cGobernador de la Provincia de Formosa Gildo Insfr\u00e1n\u201d.<\/p>\n<p>Adem\u00e1s, se espera la presencia de figuras del automovilismo nacional como Mat\u00edas Mu\u00f1\u00f3z Marchesi y Juan Manuel &#8220;Pato&#8221; Silva.<\/p>\n<p>Foto Web.<\/p>\n","protected":false},"excerpt":{"rendered":"<p>Invitado por la Asociaci\u00f3n de Pilotos de Rally y Karting de Formosa (APRAKART) y la<\/p>\n","protected":false},"author":1,"featured_media":1257,"comment_status":"open","ping_status":"closed","sticky":false,"template":"","format":"standard","meta":{"footnotes":""},"categories":[4],"tags":[],"class_list":["post-1256","post","type-post","status-publish","format-standard","has-post-thumbnail","hentry","category-karting"],"featured_image_urls":{"full":["https:\/\/curva1.com.ar\/wp-content\/uploads\/2012\/09\/2011-kartodromo-aerea.jpg",500,281,false],"thumbnail":["https:\/\/curva1.com.ar\/wp-content\/uploads\/2012\/09\/2011-kartodromo-aerea-150x150.jpg",150,150,true],"medium":["https:\/\/curva1.com.ar\/wp-content\/uploads\/2012\/09\/2011-kartodromo-aerea-300x168.jpg",300,168,true],"medium_large":["https:\/\/curva1.com.ar\/wp-content\/uploads\/2012\/09\/2011-kartodromo-aerea.jpg",500,281,false],"large":["https:\/\/curva1.com.ar\/wp-content\/uploads\/2012\/09\/2011-kartodromo-aerea.jpg",500,281,false],"1536x1536":["https:\/\/curva1.com.ar\/wp-content\/uploads\/2012\/09\/2011-kartodromo-aerea.jpg",500,281,false],"2048x2048":["https:\/\/curva1.com.ar\/wp-content\/uploads\/2012\/09\/2011-kartodromo-aerea.jpg",500,281,false],"chromenews-featured":["https:\/\/curva1.com.ar\/wp-content\/uploads\/2012\/09\/2011-kartodromo-aerea.jpg",500,281,false],"chromenews-large":["https:\/\/curva1.com.ar\/wp-content\/uploads\/2012\/09\/2011-kartodromo-aerea.jpg",500,281,false],"chromenews-medium":["https:\/\/curva1.com.ar\/wp-content\/uploads\/2012\/09\/2011-kartodromo-aerea.jpg",500,281,false]},"author_info":{"display_name":"Jos\u00e9 Bravo","author_link":"https:\/\/curva1.com.ar\/?author=1"},"category_info":"<a href=\"https:\/\/curva1.com.ar\/?cat=4\" rel=\"category\">Karting Asfalto<\/a>","tag_info":"Karting Asfalto","comment_count":"0","_links":{"self":[{"href":"https:\/\/curva1.com.ar\/index.php?rest_route=\/wp\/v2\/posts\/1256","targetHints":{"allow":["GET"]}}],"collection":[{"href":"https:\/\/curva1.com.ar\/index.php?rest_route=\/wp\/v2\/posts"}],"about":[{"href":"https:\/\/curva1.com.ar\/index.php?rest_route=\/wp\/v2\/types\/post"}],"author":[{"embeddable":true,"href":"https:\/\/curva1.com.ar\/index.php?rest_route=\/wp\/v2\/users\/1"}],"replies":[{"embeddable":true,"href":"https:\/\/curva1.com.ar\/index.php?rest_route=%2Fwp%2Fv2%2Fcomments&post=1256"}],"version-history":[{"count":4,"href":"https:\/\/curva1.com.ar\/index.php?rest_route=\/wp\/v2\/posts\/1256\/revisions"}],"predecessor-version":[{"id":1259,"href":"https:\/\/curva1.com.ar\/index.php?rest_route=\/wp\/v2\/posts\/1256\/revisions\/1259"}],"wp:featuredmedia":[{"embeddable":true,"href":"https:\/\/curva1.com.ar\/index.php?rest_route=\/wp\/v2\/media\/1257"}],"wp:attachment":[{"href":"https:\/\/curva1.com.ar\/index.php?rest_route=%2Fwp%2Fv2%2Fmedia&parent=1256"}],"wp:term":[{"taxonomy":"category","embeddable":true,"href":"https:\/\/curva1.com.ar\/index.php?rest_route=%2Fwp%2Fv2%2Fcategories&post=1256"},{"taxonomy":"post_tag","embeddable":true,"href":"https:\/\/curva1.com.ar\/index.php?rest_route=%2Fwp%2Fv2%2Ftags&post=1256"}],"curies":[{"name":"wp","href":"https:\/\/api.w.org\/{rel}","templated":true}]}}