{"id":1280,"date":"2012-09-24T11:42:24","date_gmt":"2012-09-24T14:42:24","guid":{"rendered":"http:\/\/www.curva1.com.ar\/?p=1280"},"modified":"2012-09-24T11:42:24","modified_gmt":"2012-09-24T14:42:24","slug":"dalila-hidalgo-tercera-en-el-latinoamericano-de-mexico","status":"publish","type":"post","link":"https:\/\/curva1.com.ar\/?p=1280","title":{"rendered":"Dalila Hidalgo tercera en el Latinoamericano de M\u00e9xico"},"content":{"rendered":"<p><img loading=\"lazy\" decoding=\"async\" class=\"aligncenter size-full wp-image-1281\" title=\"DALLE4931\" src=\"http:\/\/www.curva1.com.ar\/wp-content\/uploads\/2012\/09\/DALLE4931.jpg\" alt=\"\" width=\"500\" height=\"281\" srcset=\"https:\/\/curva1.com.ar\/wp-content\/uploads\/2012\/09\/DALLE4931.jpg 500w, https:\/\/curva1.com.ar\/wp-content\/uploads\/2012\/09\/DALLE4931-300x168.jpg 300w\" sizes=\"auto, (max-width: 500px) 100vw, 500px\" \/><\/p>\n<p>La piloto nacida en San Mart\u00edn (Mendoza) dej\u00f3 su huella por el 1\u00ba Campeonato Latinoamericano Femenino de Motocross, que se llev\u00f3 a cabo en M\u00e9xico.<\/p>\n<p>Hidalgo compiti\u00f3 &#8220;a pesar de largar bastante apunada (inclusive llego a vomitar en la linea de largada) obtuvo un excelente tercer puesto&#8221; seg\u00fan lo expres\u00f3 el medio especializado MX Argentina.<\/p>\n<p>Nuevamente un mendocino deja bien representado al deporte motor en el mundo. Esta vez fue una sanmartiniana, Dalila Hidalgo, que seguramente ser\u00e1 homenajeada por su logr\u00f3 en M\u00e9xico.<\/p>\n<p>Foto MXA<\/p>\n","protected":false},"excerpt":{"rendered":"<p>La piloto nacida en San Mart\u00edn (Mendoza) dej\u00f3 su huella por el 1\u00ba Campeonato Latinoamericano<\/p>\n","protected":false},"author":1,"featured_media":1281,"comment_status":"open","ping_status":"closed","sticky":false,"template":"","format":"standard","meta":{"footnotes":""},"categories":[6],"tags":[],"class_list":["post-1280","post","type-post","status-publish","format-standard","has-post-thumbnail","hentry","category-nacionales"],"featured_image_urls":{"full":["https:\/\/curva1.com.ar\/wp-content\/uploads\/2012\/09\/DALLE4931.jpg",500,281,false],"thumbnail":["https:\/\/curva1.com.ar\/wp-content\/uploads\/2012\/09\/DALLE4931-150x150.jpg",150,150,true],"medium":["https:\/\/curva1.com.ar\/wp-content\/uploads\/2012\/09\/DALLE4931-300x168.jpg",300,168,true],"medium_large":["https:\/\/curva1.com.ar\/wp-content\/uploads\/2012\/09\/DALLE4931.jpg",500,281,false],"large":["https:\/\/curva1.com.ar\/wp-content\/uploads\/2012\/09\/DALLE4931.jpg",500,281,false],"1536x1536":["https:\/\/curva1.com.ar\/wp-content\/uploads\/2012\/09\/DALLE4931.jpg",500,281,false],"2048x2048":["https:\/\/curva1.com.ar\/wp-content\/uploads\/2012\/09\/DALLE4931.jpg",500,281,false],"chromenews-featured":["https:\/\/curva1.com.ar\/wp-content\/uploads\/2012\/09\/DALLE4931.jpg",500,281,false],"chromenews-large":["https:\/\/curva1.com.ar\/wp-content\/uploads\/2012\/09\/DALLE4931.jpg",500,281,false],"chromenews-medium":["https:\/\/curva1.com.ar\/wp-content\/uploads\/2012\/09\/DALLE4931.jpg",500,281,false]},"author_info":{"display_name":"Jos\u00e9 Bravo","author_link":"https:\/\/curva1.com.ar\/?author=1"},"category_info":"<a href=\"https:\/\/curva1.com.ar\/?cat=6\" rel=\"category\">Nacionales<\/a>","tag_info":"Nacionales","comment_count":"0","_links":{"self":[{"href":"https:\/\/curva1.com.ar\/index.php?rest_route=\/wp\/v2\/posts\/1280","targetHints":{"allow":["GET"]}}],"collection":[{"href":"https:\/\/curva1.com.ar\/index.php?rest_route=\/wp\/v2\/posts"}],"about":[{"href":"https:\/\/curva1.com.ar\/index.php?rest_route=\/wp\/v2\/types\/post"}],"author":[{"embeddable":true,"href":"https:\/\/curva1.com.ar\/index.php?rest_route=\/wp\/v2\/users\/1"}],"replies":[{"embeddable":true,"href":"https:\/\/curva1.com.ar\/index.php?rest_route=%2Fwp%2Fv2%2Fcomments&post=1280"}],"version-history":[{"count":2,"href":"https:\/\/curva1.com.ar\/index.php?rest_route=\/wp\/v2\/posts\/1280\/revisions"}],"predecessor-version":[{"id":1283,"href":"https:\/\/curva1.com.ar\/index.php?rest_route=\/wp\/v2\/posts\/1280\/revisions\/1283"}],"wp:featuredmedia":[{"embeddable":true,"href":"https:\/\/curva1.com.ar\/index.php?rest_route=\/wp\/v2\/media\/1281"}],"wp:attachment":[{"href":"https:\/\/curva1.com.ar\/index.php?rest_route=%2Fwp%2Fv2%2Fmedia&parent=1280"}],"wp:term":[{"taxonomy":"category","embeddable":true,"href":"https:\/\/curva1.com.ar\/index.php?rest_route=%2Fwp%2Fv2%2Fcategories&post=1280"},{"taxonomy":"post_tag","embeddable":true,"href":"https:\/\/curva1.com.ar\/index.php?rest_route=%2Fwp%2Fv2%2Ftags&post=1280"}],"curies":[{"name":"wp","href":"https:\/\/api.w.org\/{rel}","templated":true}]}}