{"id":1284,"date":"2012-09-24T11:57:31","date_gmt":"2012-09-24T14:57:31","guid":{"rendered":"http:\/\/www.curva1.com.ar\/?p=1284"},"modified":"2012-09-24T11:57:31","modified_gmt":"2012-09-24T14:57:31","slug":"ecclestone-estamos-abierto-para-hacer-algo-en-argentina","status":"publish","type":"post","link":"https:\/\/curva1.com.ar\/?p=1284","title":{"rendered":"Ecclestone &#8220;Estamos abierto para hacer algo en Argentina&#8221;"},"content":{"rendered":"<p><img loading=\"lazy\" decoding=\"async\" class=\"alignleft size-full wp-image-1285\" title=\"4722045D112F32729ACF2683D565A07A_web\" src=\"http:\/\/www.curva1.com.ar\/wp-content\/uploads\/2012\/09\/4722045D112F32729ACF2683D565A07A_web.jpg\" alt=\"\" width=\"294\" height=\"196\" \/>Se conoci\u00f3 el calendario 2013 del Mundial de F\u00f3rmula 1 y Argentina no figura entre las 20 carreras de la temporada, pese a que el 14 de marzo en uno de los salones de la Casa Rosada, la Presidenta Cristina Kirchner hab\u00eda anunciado que el pa\u00eds iba a tener su carrera en Mar del Plata, en la zona de Playa Grande.<\/p>\n<p>Desde Singapur, en la previa de la carrera de F\u00f3rmula 1 que gan\u00f3 el alem\u00e1n Sebastian Vettel, lleg\u00f3 la palabra oficial de Bernie Ecclestone, el hombre que maneja la categor\u00eda. <strong>&#8220;\u00bfUn Gran Premio en Argentina? No lo veo. \u00bfEn el 2014? Estamos abierto para hacer algo en Argentina. Si tratamos con gente seria estaremos contentos&#8221;<\/strong>, apunt\u00f3 el empresario en declaraciones a Fox Sports.<\/p>\n<p>Ecclestone, ya hab\u00eda anticipado esta respuesta durante el Gran Premio de M\u00f3naco: <strong>&#8220;No he visto ning\u00fan contrato, no hay nada firmado ni tengo idea&#8221;<\/strong>, fue su respuesta. Nadie lo refut\u00f3. Finalmente sali\u00f3 el programa de 2013 sin la presencia de Argentina. <strong>&#8220;Oficialmente no hay nada por comunicar&#8221;<\/strong>, se\u00f1alaron en Turismo.<\/p>\n","protected":false},"excerpt":{"rendered":"<p>Se conoci\u00f3 el calendario 2013 del Mundial de F\u00f3rmula 1 y Argentina no figura entre<\/p>\n","protected":false},"author":1,"featured_media":1285,"comment_status":"open","ping_status":"closed","sticky":false,"template":"","format":"standard","meta":{"footnotes":""},"categories":[6],"tags":[],"class_list":["post-1284","post","type-post","status-publish","format-standard","has-post-thumbnail","hentry","category-nacionales"],"featured_image_urls":{"full":["https:\/\/curva1.com.ar\/wp-content\/uploads\/2012\/09\/4722045D112F32729ACF2683D565A07A_web.jpg",294,196,false],"thumbnail":["https:\/\/curva1.com.ar\/wp-content\/uploads\/2012\/09\/4722045D112F32729ACF2683D565A07A_web-150x150.jpg",150,150,true],"medium":["https:\/\/curva1.com.ar\/wp-content\/uploads\/2012\/09\/4722045D112F32729ACF2683D565A07A_web.jpg",294,196,false],"medium_large":["https:\/\/curva1.com.ar\/wp-content\/uploads\/2012\/09\/4722045D112F32729ACF2683D565A07A_web.jpg",294,196,false],"large":["https:\/\/curva1.com.ar\/wp-content\/uploads\/2012\/09\/4722045D112F32729ACF2683D565A07A_web.jpg",294,196,false],"1536x1536":["https:\/\/curva1.com.ar\/wp-content\/uploads\/2012\/09\/4722045D112F32729ACF2683D565A07A_web.jpg",294,196,false],"2048x2048":["https:\/\/curva1.com.ar\/wp-content\/uploads\/2012\/09\/4722045D112F32729ACF2683D565A07A_web.jpg",294,196,false],"chromenews-featured":["https:\/\/curva1.com.ar\/wp-content\/uploads\/2012\/09\/4722045D112F32729ACF2683D565A07A_web.jpg",294,196,false],"chromenews-large":["https:\/\/curva1.com.ar\/wp-content\/uploads\/2012\/09\/4722045D112F32729ACF2683D565A07A_web.jpg",294,196,false],"chromenews-medium":["https:\/\/curva1.com.ar\/wp-content\/uploads\/2012\/09\/4722045D112F32729ACF2683D565A07A_web.jpg",294,196,false]},"author_info":{"display_name":"Jos\u00e9 Bravo","author_link":"https:\/\/curva1.com.ar\/?author=1"},"category_info":"<a href=\"https:\/\/curva1.com.ar\/?cat=6\" rel=\"category\">Nacionales<\/a>","tag_info":"Nacionales","comment_count":"0","_links":{"self":[{"href":"https:\/\/curva1.com.ar\/index.php?rest_route=\/wp\/v2\/posts\/1284","targetHints":{"allow":["GET"]}}],"collection":[{"href":"https:\/\/curva1.com.ar\/index.php?rest_route=\/wp\/v2\/posts"}],"about":[{"href":"https:\/\/curva1.com.ar\/index.php?rest_route=\/wp\/v2\/types\/post"}],"author":[{"embeddable":true,"href":"https:\/\/curva1.com.ar\/index.php?rest_route=\/wp\/v2\/users\/1"}],"replies":[{"embeddable":true,"href":"https:\/\/curva1.com.ar\/index.php?rest_route=%2Fwp%2Fv2%2Fcomments&post=1284"}],"version-history":[{"count":1,"href":"https:\/\/curva1.com.ar\/index.php?rest_route=\/wp\/v2\/posts\/1284\/revisions"}],"predecessor-version":[{"id":1286,"href":"https:\/\/curva1.com.ar\/index.php?rest_route=\/wp\/v2\/posts\/1284\/revisions\/1286"}],"wp:featuredmedia":[{"embeddable":true,"href":"https:\/\/curva1.com.ar\/index.php?rest_route=\/wp\/v2\/media\/1285"}],"wp:attachment":[{"href":"https:\/\/curva1.com.ar\/index.php?rest_route=%2Fwp%2Fv2%2Fmedia&parent=1284"}],"wp:term":[{"taxonomy":"category","embeddable":true,"href":"https:\/\/curva1.com.ar\/index.php?rest_route=%2Fwp%2Fv2%2Fcategories&post=1284"},{"taxonomy":"post_tag","embeddable":true,"href":"https:\/\/curva1.com.ar\/index.php?rest_route=%2Fwp%2Fv2%2Ftags&post=1284"}],"curies":[{"name":"wp","href":"https:\/\/api.w.org\/{rel}","templated":true}]}}