{"id":1326,"date":"2012-09-27T23:43:47","date_gmt":"2012-09-28T02:43:47","guid":{"rendered":"http:\/\/www.curva1.com.ar\/?p=1326"},"modified":"2012-09-28T11:03:43","modified_gmt":"2012-09-28T14:03:43","slug":"la-10o-fecha-del-zonal-cuyano-va-en-san-martin-y-en-conjunto","status":"publish","type":"post","link":"https:\/\/curva1.com.ar\/?p=1326","title":{"rendered":"La 8\u00ba fecha del Zonal Cuyano va en San Mart\u00edn y en conjunto"},"content":{"rendered":"<p><img loading=\"lazy\" decoding=\"async\" class=\"aligncenter size-full wp-image-1328\" title=\"P17fa60529\" src=\"http:\/\/www.curva1.com.ar\/wp-content\/uploads\/2012\/09\/P17fa60529.jpg\" alt=\"\" width=\"500\" height=\"281\" srcset=\"https:\/\/curva1.com.ar\/wp-content\/uploads\/2012\/09\/P17fa60529.jpg 500w, https:\/\/curva1.com.ar\/wp-content\/uploads\/2012\/09\/P17fa60529-300x168.jpg 300w\" sizes=\"auto, (max-width: 500px) 100vw, 500px\" \/><\/p>\n<p>Titi Scordo Lara confirm\u00f3 a <strong>Curva 1<\/strong> que la pr\u00f3xima fecha del Zonal Cuyano se realizar\u00e1 en el Aut\u00f3dromo Ciudad de San Mart\u00edn, con la organizaci\u00f3n en conjunto en el Automovil Clbu Mendoza y la Asociaci\u00f3n Volantes del Este.<\/p>\n<p>La fecha elegida para la 1\u00ba fecha de los Play Off ser\u00e1 el fin de semana del 14 de octubre.<\/p>\n<p>Tambi\u00e9n coment\u00f3 que se realizar\u00e1 promoci\u00f3n y entrega de pases gratis para que haya mucho p\u00fablico presenciando la competencia.<\/p>\n","protected":false},"excerpt":{"rendered":"<p>Titi Scordo Lara confirm\u00f3 a Curva 1 que la pr\u00f3xima fecha del Zonal Cuyano se<\/p>\n","protected":false},"author":1,"featured_media":1328,"comment_status":"open","ping_status":"closed","sticky":false,"template":"","format":"standard","meta":{"footnotes":""},"categories":[1],"tags":[],"class_list":["post-1326","post","type-post","status-publish","format-standard","has-post-thumbnail","hentry","category-zonal-cuyano"],"featured_image_urls":{"full":["https:\/\/curva1.com.ar\/wp-content\/uploads\/2012\/09\/P17fa60529.jpg",500,281,false],"thumbnail":["https:\/\/curva1.com.ar\/wp-content\/uploads\/2012\/09\/P17fa60529-150x150.jpg",150,150,true],"medium":["https:\/\/curva1.com.ar\/wp-content\/uploads\/2012\/09\/P17fa60529-300x168.jpg",300,168,true],"medium_large":["https:\/\/curva1.com.ar\/wp-content\/uploads\/2012\/09\/P17fa60529.jpg",500,281,false],"large":["https:\/\/curva1.com.ar\/wp-content\/uploads\/2012\/09\/P17fa60529.jpg",500,281,false],"1536x1536":["https:\/\/curva1.com.ar\/wp-content\/uploads\/2012\/09\/P17fa60529.jpg",500,281,false],"2048x2048":["https:\/\/curva1.com.ar\/wp-content\/uploads\/2012\/09\/P17fa60529.jpg",500,281,false],"chromenews-featured":["https:\/\/curva1.com.ar\/wp-content\/uploads\/2012\/09\/P17fa60529.jpg",500,281,false],"chromenews-large":["https:\/\/curva1.com.ar\/wp-content\/uploads\/2012\/09\/P17fa60529.jpg",500,281,false],"chromenews-medium":["https:\/\/curva1.com.ar\/wp-content\/uploads\/2012\/09\/P17fa60529.jpg",500,281,false]},"author_info":{"display_name":"Jos\u00e9 Bravo","author_link":"https:\/\/curva1.com.ar\/?author=1"},"category_info":"<a href=\"https:\/\/curva1.com.ar\/?cat=1\" rel=\"category\">Zonal Cuyano<\/a>","tag_info":"Zonal Cuyano","comment_count":"0","_links":{"self":[{"href":"https:\/\/curva1.com.ar\/index.php?rest_route=\/wp\/v2\/posts\/1326","targetHints":{"allow":["GET"]}}],"collection":[{"href":"https:\/\/curva1.com.ar\/index.php?rest_route=\/wp\/v2\/posts"}],"about":[{"href":"https:\/\/curva1.com.ar\/index.php?rest_route=\/wp\/v2\/types\/post"}],"author":[{"embeddable":true,"href":"https:\/\/curva1.com.ar\/index.php?rest_route=\/wp\/v2\/users\/1"}],"replies":[{"embeddable":true,"href":"https:\/\/curva1.com.ar\/index.php?rest_route=%2Fwp%2Fv2%2Fcomments&post=1326"}],"version-history":[{"count":4,"href":"https:\/\/curva1.com.ar\/index.php?rest_route=\/wp\/v2\/posts\/1326\/revisions"}],"predecessor-version":[{"id":1330,"href":"https:\/\/curva1.com.ar\/index.php?rest_route=\/wp\/v2\/posts\/1326\/revisions\/1330"}],"wp:featuredmedia":[{"embeddable":true,"href":"https:\/\/curva1.com.ar\/index.php?rest_route=\/wp\/v2\/media\/1328"}],"wp:attachment":[{"href":"https:\/\/curva1.com.ar\/index.php?rest_route=%2Fwp%2Fv2%2Fmedia&parent=1326"}],"wp:term":[{"taxonomy":"category","embeddable":true,"href":"https:\/\/curva1.com.ar\/index.php?rest_route=%2Fwp%2Fv2%2Fcategories&post=1326"},{"taxonomy":"post_tag","embeddable":true,"href":"https:\/\/curva1.com.ar\/index.php?rest_route=%2Fwp%2Fv2%2Ftags&post=1326"}],"curies":[{"name":"wp","href":"https:\/\/api.w.org\/{rel}","templated":true}]}}