{"id":1343,"date":"2012-09-28T11:51:34","date_gmt":"2012-09-28T14:51:34","guid":{"rendered":"http:\/\/www.curva1.com.ar\/?p=1343"},"modified":"2012-09-28T11:52:35","modified_gmt":"2012-09-28T14:52:35","slug":"la-segunda-fecha-del-los-play-off-seria-en-san-juan","status":"publish","type":"post","link":"https:\/\/curva1.com.ar\/?p=1343","title":{"rendered":"La segunda fecha del los play off ser\u00eda en San Juan"},"content":{"rendered":"<p style=\"text-align: center;\">\u00a0<img loading=\"lazy\" decoding=\"async\" class=\"size-full wp-image-1348 aligncenter\" title=\"2zc12_FrancoGal,na1\" src=\"http:\/\/www.curva1.com.ar\/wp-content\/uploads\/2012\/09\/2zc12_FrancoGalna1.jpg\" alt=\"\" width=\"500\" height=\"282\" srcset=\"https:\/\/curva1.com.ar\/wp-content\/uploads\/2012\/09\/2zc12_FrancoGalna1.jpg 500w, https:\/\/curva1.com.ar\/wp-content\/uploads\/2012\/09\/2zc12_FrancoGalna1-300x169.jpg 300w\" sizes=\"auto, (max-width: 500px) 100vw, 500px\" \/><\/p>\n<p><span style=\"color: #000000;\">La confirmaci\u00f3n de los contactos entre dirigentes lleg\u00f3 por parte de Ricardo Meritello qui\u00e9n asegur\u00f3 que desde FEMAD y m\u00e1s presisamente de su presidente Tit\u00ed Scordo Lara, habr\u00eda asegurado la 2\u00aa fecha de los Play Off, 9\u00aa fecha del campeonato, a la ASV.<\/span><\/p>\n<p><span style=\"color: #000000;\">La fecha se disputar\u00e1 el fin de semana del 11 de noviembre en el Zonda Eduardo Copello. <\/span><\/p>\n<p><span style=\"color: #000000;\">Si bien aun la fecha no est\u00e1 oficializada por FEMAD, al di\u00e1logo y la confirmaci\u00f3n es directamente hecha por los presidentes de ambas instituciones, por lo tanto solo resta esperar la oficializaci\u00f3n de la Federaci\u00f3n Mendocina, que confirma carreras fecha a fecha.<\/span><\/p>\n<p>C\u00f3digo Tuerca.<\/p>\n","protected":false},"excerpt":{"rendered":"<p>\u00a0 La confirmaci\u00f3n de los contactos entre dirigentes lleg\u00f3 por parte de Ricardo Meritello qui\u00e9n<\/p>\n","protected":false},"author":1,"featured_media":1348,"comment_status":"open","ping_status":"closed","sticky":false,"template":"","format":"standard","meta":{"footnotes":""},"categories":[1],"tags":[],"class_list":["post-1343","post","type-post","status-publish","format-standard","has-post-thumbnail","hentry","category-zonal-cuyano"],"featured_image_urls":{"full":["https:\/\/curva1.com.ar\/wp-content\/uploads\/2012\/09\/2zc12_FrancoGalna1.jpg",500,282,false],"thumbnail":["https:\/\/curva1.com.ar\/wp-content\/uploads\/2012\/09\/2zc12_FrancoGalna1-150x150.jpg",150,150,true],"medium":["https:\/\/curva1.com.ar\/wp-content\/uploads\/2012\/09\/2zc12_FrancoGalna1-300x169.jpg",300,169,true],"medium_large":["https:\/\/curva1.com.ar\/wp-content\/uploads\/2012\/09\/2zc12_FrancoGalna1.jpg",500,282,false],"large":["https:\/\/curva1.com.ar\/wp-content\/uploads\/2012\/09\/2zc12_FrancoGalna1.jpg",500,282,false],"1536x1536":["https:\/\/curva1.com.ar\/wp-content\/uploads\/2012\/09\/2zc12_FrancoGalna1.jpg",500,282,false],"2048x2048":["https:\/\/curva1.com.ar\/wp-content\/uploads\/2012\/09\/2zc12_FrancoGalna1.jpg",500,282,false],"chromenews-featured":["https:\/\/curva1.com.ar\/wp-content\/uploads\/2012\/09\/2zc12_FrancoGalna1.jpg",500,282,false],"chromenews-large":["https:\/\/curva1.com.ar\/wp-content\/uploads\/2012\/09\/2zc12_FrancoGalna1.jpg",500,282,false],"chromenews-medium":["https:\/\/curva1.com.ar\/wp-content\/uploads\/2012\/09\/2zc12_FrancoGalna1.jpg",500,282,false]},"author_info":{"display_name":"Jos\u00e9 Bravo","author_link":"https:\/\/curva1.com.ar\/?author=1"},"category_info":"<a href=\"https:\/\/curva1.com.ar\/?cat=1\" rel=\"category\">Zonal Cuyano<\/a>","tag_info":"Zonal Cuyano","comment_count":"0","_links":{"self":[{"href":"https:\/\/curva1.com.ar\/index.php?rest_route=\/wp\/v2\/posts\/1343","targetHints":{"allow":["GET"]}}],"collection":[{"href":"https:\/\/curva1.com.ar\/index.php?rest_route=\/wp\/v2\/posts"}],"about":[{"href":"https:\/\/curva1.com.ar\/index.php?rest_route=\/wp\/v2\/types\/post"}],"author":[{"embeddable":true,"href":"https:\/\/curva1.com.ar\/index.php?rest_route=\/wp\/v2\/users\/1"}],"replies":[{"embeddable":true,"href":"https:\/\/curva1.com.ar\/index.php?rest_route=%2Fwp%2Fv2%2Fcomments&post=1343"}],"version-history":[{"count":3,"href":"https:\/\/curva1.com.ar\/index.php?rest_route=\/wp\/v2\/posts\/1343\/revisions"}],"predecessor-version":[{"id":1351,"href":"https:\/\/curva1.com.ar\/index.php?rest_route=\/wp\/v2\/posts\/1343\/revisions\/1351"}],"wp:featuredmedia":[{"embeddable":true,"href":"https:\/\/curva1.com.ar\/index.php?rest_route=\/wp\/v2\/media\/1348"}],"wp:attachment":[{"href":"https:\/\/curva1.com.ar\/index.php?rest_route=%2Fwp%2Fv2%2Fmedia&parent=1343"}],"wp:term":[{"taxonomy":"category","embeddable":true,"href":"https:\/\/curva1.com.ar\/index.php?rest_route=%2Fwp%2Fv2%2Fcategories&post=1343"},{"taxonomy":"post_tag","embeddable":true,"href":"https:\/\/curva1.com.ar\/index.php?rest_route=%2Fwp%2Fv2%2Ftags&post=1343"}],"curies":[{"name":"wp","href":"https:\/\/api.w.org\/{rel}","templated":true}]}}