{"id":1424,"date":"2012-10-05T02:14:12","date_gmt":"2012-10-05T05:14:12","guid":{"rendered":"http:\/\/www.curva1.com.ar\/?p=1424"},"modified":"2012-10-05T02:14:12","modified_gmt":"2012-10-05T05:14:12","slug":"seis-cuyanos-estan-en-mar-del-plata-para-correr-el-argentino","status":"publish","type":"post","link":"https:\/\/curva1.com.ar\/?p=1424","title":{"rendered":"Seis cuyanos est\u00e1n en Mar del Plata para correr el Argentino"},"content":{"rendered":"<p><img loading=\"lazy\" decoding=\"async\" class=\"aligncenter size-full wp-image-1425\" title=\"P17fa40787\" src=\"http:\/\/www.curva1.com.ar\/wp-content\/uploads\/2012\/10\/P17fa40787.jpg\" alt=\"\" width=\"500\" height=\"281\" srcset=\"https:\/\/curva1.com.ar\/wp-content\/uploads\/2012\/10\/P17fa40787.jpg 500w, https:\/\/curva1.com.ar\/wp-content\/uploads\/2012\/10\/P17fa40787-300x168.jpg 300w\" sizes=\"auto, (max-width: 500px) 100vw, 500px\" \/><\/p>\n<p>Son cuatrolos pilotos de la provincia de Mendoza y dos de San Juan, los que este fin de semana compitan en la 4\u00ba fecha del Campeonato Argentino de Karting.<\/p>\n<p>La competencia se desarrollar\u00e1 en el Kart\u00f3dromo de Mar del Plata, ubicado en la Ruta 2 cerca del aeropuerto, y ya cuenta con 104 inscriptos de 17 provincias, Chile, Bolivia y Uruguay.<\/p>\n<blockquote><p><strong>Ser\u00e1 cobertura de <span style=\"color: #ff0000;\">www.curva1kart.com.ar<\/span> y <span style=\"color: #ff0000;\">Revista Curva 1 KART<\/span><\/strong><\/p><\/blockquote>\n<p>MENDOZA<\/p>\n<p>Viajan para competir en Promocional Tomy Mart\u00edn (foto), el maipucino Juli\u00e1n M\u00f3dica y el debutante Nicol\u00e1s Palau, de San Mart\u00edn.<\/p>\n<p>Mientras que en la categor\u00eda J\u00fanior estar\u00e1n presentes Nazareno Moscetta y Jorge Vitar, l\u00edder del certamen.<\/p>\n<p>SAN JUAN<\/p>\n<p>Van a estar en Promocional los primos Gabriel Moyano y Tob\u00edas Mart\u00ednez, quien logr\u00f3 un podio en el &#8220;pre argentino&#8221;.<\/p>\n","protected":false},"excerpt":{"rendered":"<p>Son cuatrolos pilotos de la provincia de Mendoza y dos de San Juan, los que<\/p>\n","protected":false},"author":1,"featured_media":1425,"comment_status":"open","ping_status":"closed","sticky":false,"template":"","format":"standard","meta":{"footnotes":""},"categories":[4],"tags":[],"class_list":["post-1424","post","type-post","status-publish","format-standard","has-post-thumbnail","hentry","category-karting"],"featured_image_urls":{"full":["https:\/\/curva1.com.ar\/wp-content\/uploads\/2012\/10\/P17fa40787.jpg",500,281,false],"thumbnail":["https:\/\/curva1.com.ar\/wp-content\/uploads\/2012\/10\/P17fa40787-150x150.jpg",150,150,true],"medium":["https:\/\/curva1.com.ar\/wp-content\/uploads\/2012\/10\/P17fa40787-300x168.jpg",300,168,true],"medium_large":["https:\/\/curva1.com.ar\/wp-content\/uploads\/2012\/10\/P17fa40787.jpg",500,281,false],"large":["https:\/\/curva1.com.ar\/wp-content\/uploads\/2012\/10\/P17fa40787.jpg",500,281,false],"1536x1536":["https:\/\/curva1.com.ar\/wp-content\/uploads\/2012\/10\/P17fa40787.jpg",500,281,false],"2048x2048":["https:\/\/curva1.com.ar\/wp-content\/uploads\/2012\/10\/P17fa40787.jpg",500,281,false],"chromenews-featured":["https:\/\/curva1.com.ar\/wp-content\/uploads\/2012\/10\/P17fa40787.jpg",500,281,false],"chromenews-large":["https:\/\/curva1.com.ar\/wp-content\/uploads\/2012\/10\/P17fa40787.jpg",500,281,false],"chromenews-medium":["https:\/\/curva1.com.ar\/wp-content\/uploads\/2012\/10\/P17fa40787.jpg",500,281,false]},"author_info":{"display_name":"Jos\u00e9 Bravo","author_link":"https:\/\/curva1.com.ar\/?author=1"},"category_info":"<a href=\"https:\/\/curva1.com.ar\/?cat=4\" rel=\"category\">Karting Asfalto<\/a>","tag_info":"Karting Asfalto","comment_count":"0","_links":{"self":[{"href":"https:\/\/curva1.com.ar\/index.php?rest_route=\/wp\/v2\/posts\/1424","targetHints":{"allow":["GET"]}}],"collection":[{"href":"https:\/\/curva1.com.ar\/index.php?rest_route=\/wp\/v2\/posts"}],"about":[{"href":"https:\/\/curva1.com.ar\/index.php?rest_route=\/wp\/v2\/types\/post"}],"author":[{"embeddable":true,"href":"https:\/\/curva1.com.ar\/index.php?rest_route=\/wp\/v2\/users\/1"}],"replies":[{"embeddable":true,"href":"https:\/\/curva1.com.ar\/index.php?rest_route=%2Fwp%2Fv2%2Fcomments&post=1424"}],"version-history":[{"count":2,"href":"https:\/\/curva1.com.ar\/index.php?rest_route=\/wp\/v2\/posts\/1424\/revisions"}],"predecessor-version":[{"id":1427,"href":"https:\/\/curva1.com.ar\/index.php?rest_route=\/wp\/v2\/posts\/1424\/revisions\/1427"}],"wp:featuredmedia":[{"embeddable":true,"href":"https:\/\/curva1.com.ar\/index.php?rest_route=\/wp\/v2\/media\/1425"}],"wp:attachment":[{"href":"https:\/\/curva1.com.ar\/index.php?rest_route=%2Fwp%2Fv2%2Fmedia&parent=1424"}],"wp:term":[{"taxonomy":"category","embeddable":true,"href":"https:\/\/curva1.com.ar\/index.php?rest_route=%2Fwp%2Fv2%2Fcategories&post=1424"},{"taxonomy":"post_tag","embeddable":true,"href":"https:\/\/curva1.com.ar\/index.php?rest_route=%2Fwp%2Fv2%2Ftags&post=1424"}],"curies":[{"name":"wp","href":"https:\/\/api.w.org\/{rel}","templated":true}]}}