{"id":1429,"date":"2012-10-05T10:08:23","date_gmt":"2012-10-05T13:08:23","guid":{"rendered":"http:\/\/www.curva1.com.ar\/?p=1429"},"modified":"2012-10-05T10:27:14","modified_gmt":"2012-10-05T13:27:14","slug":"daniel-sette-trabaja-para-debutar-en-la-proxima-fecha","status":"publish","type":"post","link":"https:\/\/curva1.com.ar\/?p=1429","title":{"rendered":"Daniel Sette trabaja para debutar en la pr\u00f3xima fecha del zonal"},"content":{"rendered":"<p><img loading=\"lazy\" decoding=\"async\" class=\"size-full wp-image-1430 alignleft\" title=\"P173d0319\" src=\"http:\/\/www.curva1.com.ar\/wp-content\/uploads\/2012\/10\/P173d0319.jpg\" alt=\"\" width=\"200\" height=\"113\" \/>El ex piloto de Tradicionales y del TC J\u00fanior del zonal cuyano, tiene listo su Fiat 128 para incorporarse al Turismo Pista 1100.<\/p>\n<p><strong>&#8220;El auto est\u00e1 listo en chaper\u00eda y estructura y va de color amarillo. Pimenides est\u00e1 trabajando en el motor y si todo marcha bien, estaremos en la carrera de San Martin&#8221;<\/strong> expres\u00f3 Sette.<\/p>\n","protected":false},"excerpt":{"rendered":"<p>El ex piloto de Tradicionales y del TC J\u00fanior del zonal cuyano, tiene listo su<\/p>\n","protected":false},"author":1,"featured_media":1430,"comment_status":"open","ping_status":"closed","sticky":false,"template":"","format":"standard","meta":{"footnotes":""},"categories":[1],"tags":[],"class_list":["post-1429","post","type-post","status-publish","format-standard","has-post-thumbnail","hentry","category-zonal-cuyano"],"featured_image_urls":{"full":["https:\/\/curva1.com.ar\/wp-content\/uploads\/2012\/10\/P173d0319.jpg",200,113,false],"thumbnail":["https:\/\/curva1.com.ar\/wp-content\/uploads\/2012\/10\/P173d0319-150x113.jpg",150,113,true],"medium":["https:\/\/curva1.com.ar\/wp-content\/uploads\/2012\/10\/P173d0319.jpg",200,113,false],"medium_large":["https:\/\/curva1.com.ar\/wp-content\/uploads\/2012\/10\/P173d0319.jpg",200,113,false],"large":["https:\/\/curva1.com.ar\/wp-content\/uploads\/2012\/10\/P173d0319.jpg",200,113,false],"1536x1536":["https:\/\/curva1.com.ar\/wp-content\/uploads\/2012\/10\/P173d0319.jpg",200,113,false],"2048x2048":["https:\/\/curva1.com.ar\/wp-content\/uploads\/2012\/10\/P173d0319.jpg",200,113,false],"chromenews-featured":["https:\/\/curva1.com.ar\/wp-content\/uploads\/2012\/10\/P173d0319.jpg",200,113,false],"chromenews-large":["https:\/\/curva1.com.ar\/wp-content\/uploads\/2012\/10\/P173d0319.jpg",200,113,false],"chromenews-medium":["https:\/\/curva1.com.ar\/wp-content\/uploads\/2012\/10\/P173d0319.jpg",200,113,false]},"author_info":{"display_name":"Jos\u00e9 Bravo","author_link":"https:\/\/curva1.com.ar\/?author=1"},"category_info":"<a href=\"https:\/\/curva1.com.ar\/?cat=1\" rel=\"category\">Zonal Cuyano<\/a>","tag_info":"Zonal Cuyano","comment_count":"0","_links":{"self":[{"href":"https:\/\/curva1.com.ar\/index.php?rest_route=\/wp\/v2\/posts\/1429","targetHints":{"allow":["GET"]}}],"collection":[{"href":"https:\/\/curva1.com.ar\/index.php?rest_route=\/wp\/v2\/posts"}],"about":[{"href":"https:\/\/curva1.com.ar\/index.php?rest_route=\/wp\/v2\/types\/post"}],"author":[{"embeddable":true,"href":"https:\/\/curva1.com.ar\/index.php?rest_route=\/wp\/v2\/users\/1"}],"replies":[{"embeddable":true,"href":"https:\/\/curva1.com.ar\/index.php?rest_route=%2Fwp%2Fv2%2Fcomments&post=1429"}],"version-history":[{"count":3,"href":"https:\/\/curva1.com.ar\/index.php?rest_route=\/wp\/v2\/posts\/1429\/revisions"}],"predecessor-version":[{"id":1432,"href":"https:\/\/curva1.com.ar\/index.php?rest_route=\/wp\/v2\/posts\/1429\/revisions\/1432"}],"wp:featuredmedia":[{"embeddable":true,"href":"https:\/\/curva1.com.ar\/index.php?rest_route=\/wp\/v2\/media\/1430"}],"wp:attachment":[{"href":"https:\/\/curva1.com.ar\/index.php?rest_route=%2Fwp%2Fv2%2Fmedia&parent=1429"}],"wp:term":[{"taxonomy":"category","embeddable":true,"href":"https:\/\/curva1.com.ar\/index.php?rest_route=%2Fwp%2Fv2%2Fcategories&post=1429"},{"taxonomy":"post_tag","embeddable":true,"href":"https:\/\/curva1.com.ar\/index.php?rest_route=%2Fwp%2Fv2%2Ftags&post=1429"}],"curies":[{"name":"wp","href":"https:\/\/api.w.org\/{rel}","templated":true}]}}