{"id":1439,"date":"2012-10-05T11:02:01","date_gmt":"2012-10-05T14:02:01","guid":{"rendered":"http:\/\/www.curva1.com.ar\/?p=1439"},"modified":"2012-10-05T13:49:53","modified_gmt":"2012-10-05T16:49:53","slug":"los-hermano-moreno-dejan-tradicionales-y-siguen-en-el-zonal","status":"publish","type":"post","link":"https:\/\/curva1.com.ar\/?p=1439","title":{"rendered":"Los hermanos Moreno dejan Tradicionales y siguen en el Zonal"},"content":{"rendered":"<p><img loading=\"lazy\" decoding=\"async\" class=\"aligncenter size-full wp-image-1445\" title=\"P171fadfe0933\" src=\"http:\/\/www.curva1.com.ar\/wp-content\/uploads\/2012\/10\/P171fadfe0933.jpg\" alt=\"\" width=\"500\" height=\"281\" srcset=\"https:\/\/curva1.com.ar\/wp-content\/uploads\/2012\/10\/P171fadfe0933.jpg 500w, https:\/\/curva1.com.ar\/wp-content\/uploads\/2012\/10\/P171fadfe0933-300x168.jpg 300w\" sizes=\"auto, (max-width: 500px) 100vw, 500px\" \/><\/p>\n<p>Ricardo y Dami\u00e1n Moreno tienen la intenci\u00f3n de seguir su actividad automovil\u00edstica solamente en el asfalto del zonal cuyano en la temporada 2013.<\/p>\n<p>Respecto al pr\u00f3ximo a\u00f1o, Ricardo Moreno destac\u00f3 &#8220;<strong>Hemos puesto en venta las dos cupecitas del TC Tradicional ya que no tenemos intenciones de correr en la tierra el a\u00f1o que viene. Con mi hermano estamos\u00a0 con poco tiempo por temas laborales y nos dedicaremos de lleno al zonal cuyano. Yo comenzar\u00e9 el 2013 con el TC Cuyano mientras que Dami\u00e1n es posible se incorpore al Turismo Pista 1100&#8243;.<\/strong><\/p>\n<p>Adem\u00e1s, el mayor de los hermanos residentes en Luj\u00e1n coment\u00f3 que &#8220;Ya tengo arreglado con Ricardo Cimino para alquilarle un auto speedwero para correr en El Santo durante el verano&#8221;.<\/p>\n<p>Respecto a Ford que actualmente corre su t\u00edo Gabriel Castillo, explic\u00f3 <strong>&#8220;Vamos a hacer la atenci\u00f3n del auto nosotros, por lo menos en lo que resta del campeonato 2012&#8221;<\/strong>, a lol que agreg\u00f3 &#8220;<strong>El Fiat 147 que le alquilo a Mariano Baraldo est\u00e1 listo y arreglado luego del golpe de la fecha pasada. Solo tenemos que colocarle el motor para estar en la pr\u00f3xima fecha del TP 1100&#8243;.<\/strong><\/p>\n<p>El TP 1100 se encuentra en estos momentos en el taller de Tapas Francia, en Godoy Cruz.<\/p>\n","protected":false},"excerpt":{"rendered":"<p>Ricardo y Dami\u00e1n Moreno tienen la intenci\u00f3n de seguir su actividad automovil\u00edstica solamente en el<\/p>\n","protected":false},"author":1,"featured_media":1445,"comment_status":"open","ping_status":"closed","sticky":false,"template":"","format":"standard","meta":{"footnotes":""},"categories":[1],"tags":[],"class_list":["post-1439","post","type-post","status-publish","format-standard","has-post-thumbnail","hentry","category-zonal-cuyano"],"featured_image_urls":{"full":["https:\/\/curva1.com.ar\/wp-content\/uploads\/2012\/10\/P171fadfe0933.jpg",500,281,false],"thumbnail":["https:\/\/curva1.com.ar\/wp-content\/uploads\/2012\/10\/P171fadfe0933-150x150.jpg",150,150,true],"medium":["https:\/\/curva1.com.ar\/wp-content\/uploads\/2012\/10\/P171fadfe0933-300x168.jpg",300,168,true],"medium_large":["https:\/\/curva1.com.ar\/wp-content\/uploads\/2012\/10\/P171fadfe0933.jpg",500,281,false],"large":["https:\/\/curva1.com.ar\/wp-content\/uploads\/2012\/10\/P171fadfe0933.jpg",500,281,false],"1536x1536":["https:\/\/curva1.com.ar\/wp-content\/uploads\/2012\/10\/P171fadfe0933.jpg",500,281,false],"2048x2048":["https:\/\/curva1.com.ar\/wp-content\/uploads\/2012\/10\/P171fadfe0933.jpg",500,281,false],"chromenews-featured":["https:\/\/curva1.com.ar\/wp-content\/uploads\/2012\/10\/P171fadfe0933.jpg",500,281,false],"chromenews-large":["https:\/\/curva1.com.ar\/wp-content\/uploads\/2012\/10\/P171fadfe0933.jpg",500,281,false],"chromenews-medium":["https:\/\/curva1.com.ar\/wp-content\/uploads\/2012\/10\/P171fadfe0933.jpg",500,281,false]},"author_info":{"display_name":"Jos\u00e9 Bravo","author_link":"https:\/\/curva1.com.ar\/?author=1"},"category_info":"<a href=\"https:\/\/curva1.com.ar\/?cat=1\" rel=\"category\">Zonal Cuyano<\/a>","tag_info":"Zonal Cuyano","comment_count":"0","_links":{"self":[{"href":"https:\/\/curva1.com.ar\/index.php?rest_route=\/wp\/v2\/posts\/1439","targetHints":{"allow":["GET"]}}],"collection":[{"href":"https:\/\/curva1.com.ar\/index.php?rest_route=\/wp\/v2\/posts"}],"about":[{"href":"https:\/\/curva1.com.ar\/index.php?rest_route=\/wp\/v2\/types\/post"}],"author":[{"embeddable":true,"href":"https:\/\/curva1.com.ar\/index.php?rest_route=\/wp\/v2\/users\/1"}],"replies":[{"embeddable":true,"href":"https:\/\/curva1.com.ar\/index.php?rest_route=%2Fwp%2Fv2%2Fcomments&post=1439"}],"version-history":[{"count":5,"href":"https:\/\/curva1.com.ar\/index.php?rest_route=\/wp\/v2\/posts\/1439\/revisions"}],"predecessor-version":[{"id":1448,"href":"https:\/\/curva1.com.ar\/index.php?rest_route=\/wp\/v2\/posts\/1439\/revisions\/1448"}],"wp:featuredmedia":[{"embeddable":true,"href":"https:\/\/curva1.com.ar\/index.php?rest_route=\/wp\/v2\/media\/1445"}],"wp:attachment":[{"href":"https:\/\/curva1.com.ar\/index.php?rest_route=%2Fwp%2Fv2%2Fmedia&parent=1439"}],"wp:term":[{"taxonomy":"category","embeddable":true,"href":"https:\/\/curva1.com.ar\/index.php?rest_route=%2Fwp%2Fv2%2Fcategories&post=1439"},{"taxonomy":"post_tag","embeddable":true,"href":"https:\/\/curva1.com.ar\/index.php?rest_route=%2Fwp%2Fv2%2Ftags&post=1439"}],"curies":[{"name":"wp","href":"https:\/\/api.w.org\/{rel}","templated":true}]}}