{"id":14555,"date":"2015-05-07T10:00:22","date_gmt":"2015-05-07T13:00:22","guid":{"rendered":"http:\/\/www.curva1.com.ar\/?p=14555"},"modified":"2015-05-07T11:17:06","modified_gmt":"2015-05-07T14:17:06","slug":"matias-jalaf-fue-un-buen-ensayo-muy-conforme-y-me-senti-comodo-con-el-auto","status":"publish","type":"post","link":"https:\/\/curva1.com.ar\/?p=14555","title":{"rendered":"Mat\u00edas Jalaf &#8220;fue un buen ensayo, muy conforme y me sent\u00ed c\u00f3modo con el auto&#8221;"},"content":{"rendered":"<p><img loading=\"lazy\" decoding=\"async\" class=\"aligncenter size-full wp-image-14556\" src=\"http:\/\/www.curva1.com.ar\/wp-content\/uploads\/2015\/05\/5538ea2d658eb.jpg\" alt=\"5538ea2d658eb\" width=\"720\" height=\"405\" srcset=\"https:\/\/curva1.com.ar\/wp-content\/uploads\/2015\/05\/5538ea2d658eb.jpg 720w, https:\/\/curva1.com.ar\/wp-content\/uploads\/2015\/05\/5538ea2d658eb-300x169.jpg 300w, https:\/\/curva1.com.ar\/wp-content\/uploads\/2015\/05\/5538ea2d658eb-600x337.jpg 600w\" sizes=\"auto, (max-width: 720px) 100vw, 720px\" \/><\/p>\n<p>Nueva etapa para Mat\u00edas Jalaf, que desde el fin de semana integrar\u00e1 el equipo de Catal\u00e1n Magni donde llevar\u00e1 motorizaci\u00f3n de Fortunato. Ayer prob\u00f3 con buenos resultados en Olavarr\u00eda.<\/p>\n<p>Mat\u00edas Jalaf iniciar\u00e1 un nuevo proyecto en el Turismo Carretera, integrando desde este fin de semana la escuadra de Catal\u00e1n Magni. El mendocino manejar\u00e1 el Ford que llevar\u00e1 motor de &#8220;Coco&#8221; Fortunato, el cual arroj\u00f3 buenos par\u00e1metros en el ensayo de ayer.<\/p>\n<p>Las pruebas hechas en Olavarr\u00eda dejaron un balance positivo de cara a la competencia del fin de semana en Viedma. <strong>&#8220;El auto funcion\u00f3 bien, trabaj\u00e9 en la adaptaci\u00f3n al auto. Aparecieron peque\u00f1os inconvenientes, pero fue un buen ensayo, muy conforme y me sent\u00ed c\u00f3modo&#8221;,<\/strong> coment\u00f3 en Campeones por Rivadavia.<\/p>\n<p>Tras un extenso paso por el equipo de Alifraco, Jalaf va con nuevos aires a Viedma, trazado en el que correr\u00e1 por primera vez.<\/p>\n<p><a href=\"http:\/\/campeonesnet.com.ar\/0\/nota\/index.vnc?id=38473#popupv08006v2\" target=\"_blank\">Campeones<\/a>.<\/p>\n","protected":false},"excerpt":{"rendered":"<p>Nueva etapa para Mat\u00edas Jalaf, que desde el fin de semana integrar\u00e1 el equipo de<\/p>\n","protected":false},"author":1,"featured_media":14556,"comment_status":"open","ping_status":"closed","sticky":false,"template":"","format":"standard","meta":{"footnotes":""},"categories":[6],"tags":[],"class_list":["post-14555","post","type-post","status-publish","format-standard","has-post-thumbnail","hentry","category-nacionales"],"featured_image_urls":{"full":["https:\/\/curva1.com.ar\/wp-content\/uploads\/2015\/05\/5538ea2d658eb.jpg",720,405,false],"thumbnail":["https:\/\/curva1.com.ar\/wp-content\/uploads\/2015\/05\/5538ea2d658eb-300x169.jpg",300,169,true],"medium":["https:\/\/curva1.com.ar\/wp-content\/uploads\/2015\/05\/5538ea2d658eb-600x337.jpg",600,337,true],"medium_large":["https:\/\/curva1.com.ar\/wp-content\/uploads\/2015\/05\/5538ea2d658eb.jpg",640,360,false],"large":["https:\/\/curva1.com.ar\/wp-content\/uploads\/2015\/05\/5538ea2d658eb.jpg",640,360,false],"1536x1536":["https:\/\/curva1.com.ar\/wp-content\/uploads\/2015\/05\/5538ea2d658eb.jpg",720,405,false],"2048x2048":["https:\/\/curva1.com.ar\/wp-content\/uploads\/2015\/05\/5538ea2d658eb.jpg",720,405,false],"chromenews-featured":["https:\/\/curva1.com.ar\/wp-content\/uploads\/2015\/05\/5538ea2d658eb.jpg",720,405,false],"chromenews-large":["https:\/\/curva1.com.ar\/wp-content\/uploads\/2015\/05\/5538ea2d658eb.jpg",720,405,false],"chromenews-medium":["https:\/\/curva1.com.ar\/wp-content\/uploads\/2015\/05\/5538ea2d658eb.jpg",590,332,false]},"author_info":{"display_name":"Jos\u00e9 Bravo","author_link":"https:\/\/curva1.com.ar\/?author=1"},"category_info":"<a href=\"https:\/\/curva1.com.ar\/?cat=6\" rel=\"category\">Nacionales<\/a>","tag_info":"Nacionales","comment_count":"0","_links":{"self":[{"href":"https:\/\/curva1.com.ar\/index.php?rest_route=\/wp\/v2\/posts\/14555","targetHints":{"allow":["GET"]}}],"collection":[{"href":"https:\/\/curva1.com.ar\/index.php?rest_route=\/wp\/v2\/posts"}],"about":[{"href":"https:\/\/curva1.com.ar\/index.php?rest_route=\/wp\/v2\/types\/post"}],"author":[{"embeddable":true,"href":"https:\/\/curva1.com.ar\/index.php?rest_route=\/wp\/v2\/users\/1"}],"replies":[{"embeddable":true,"href":"https:\/\/curva1.com.ar\/index.php?rest_route=%2Fwp%2Fv2%2Fcomments&post=14555"}],"version-history":[{"count":1,"href":"https:\/\/curva1.com.ar\/index.php?rest_route=\/wp\/v2\/posts\/14555\/revisions"}],"predecessor-version":[{"id":14557,"href":"https:\/\/curva1.com.ar\/index.php?rest_route=\/wp\/v2\/posts\/14555\/revisions\/14557"}],"wp:featuredmedia":[{"embeddable":true,"href":"https:\/\/curva1.com.ar\/index.php?rest_route=\/wp\/v2\/media\/14556"}],"wp:attachment":[{"href":"https:\/\/curva1.com.ar\/index.php?rest_route=%2Fwp%2Fv2%2Fmedia&parent=14555"}],"wp:term":[{"taxonomy":"category","embeddable":true,"href":"https:\/\/curva1.com.ar\/index.php?rest_route=%2Fwp%2Fv2%2Fcategories&post=14555"},{"taxonomy":"post_tag","embeddable":true,"href":"https:\/\/curva1.com.ar\/index.php?rest_route=%2Fwp%2Fv2%2Ftags&post=14555"}],"curies":[{"name":"wp","href":"https:\/\/api.w.org\/{rel}","templated":true}]}}