{"id":14558,"date":"2015-05-07T18:17:27","date_gmt":"2015-05-07T21:17:27","guid":{"rendered":"http:\/\/www.curva1.com.ar\/?p=14558"},"modified":"2015-05-08T02:35:12","modified_gmt":"2015-05-08T05:35:12","slug":"se-confirmo-que-el-zonal-cuyano-viaja-a-san-luis","status":"publish","type":"post","link":"https:\/\/curva1.com.ar\/?p=14558","title":{"rendered":"Se confirm\u00f3 que la 3\u00ba fecha del Zonal Cuyano va a San Lu\u00eds el 24 de Mayo"},"content":{"rendered":"<p><img loading=\"lazy\" decoding=\"async\" class=\"aligncenter size-full wp-image-14559\" src=\"http:\/\/www.curva1.com.ar\/wp-content\/uploads\/2015\/05\/IMG_7864.jpg\" alt=\"IMG_7864\" width=\"720\" height=\"405\" srcset=\"https:\/\/curva1.com.ar\/wp-content\/uploads\/2015\/05\/IMG_7864.jpg 720w, https:\/\/curva1.com.ar\/wp-content\/uploads\/2015\/05\/IMG_7864-300x169.jpg 300w, https:\/\/curva1.com.ar\/wp-content\/uploads\/2015\/05\/IMG_7864-600x337.jpg 600w\" sizes=\"auto, (max-width: 720px) 100vw, 720px\" \/><\/p>\n<p>Esta tarde qued\u00f3 confirmado que la 3\u00ba fecha del Zonal Cuyano se realizar\u00e1 el 23 y 24 de Mayo en el Aut\u00f3dromo Rosendo Hern\u00e1ndez.<\/p>\n<p>Luego de la exitosa presentaci\u00f3n en San Mart\u00edn de hace dos semanas, el zonal &#8220;renovado&#8221; viaja a San Lu\u00eds para disputar una nueva fecha con sus cuatro categor\u00edas de autos y sus dos divisionales de motos de velocidad.<\/p>\n<p>Ser\u00e1 el &#8220;Gran Premio Lubricofi&#8221;.<\/p>\n","protected":false},"excerpt":{"rendered":"<p>Esta tarde qued\u00f3 confirmado que la 3\u00ba fecha del Zonal Cuyano se realizar\u00e1 el 23<\/p>\n","protected":false},"author":1,"featured_media":14559,"comment_status":"open","ping_status":"closed","sticky":false,"template":"","format":"standard","meta":{"footnotes":""},"categories":[1],"tags":[],"class_list":["post-14558","post","type-post","status-publish","format-standard","has-post-thumbnail","hentry","category-zonal-cuyano"],"featured_image_urls":{"full":["https:\/\/curva1.com.ar\/wp-content\/uploads\/2015\/05\/IMG_7864.jpg",720,405,false],"thumbnail":["https:\/\/curva1.com.ar\/wp-content\/uploads\/2015\/05\/IMG_7864-300x169.jpg",300,169,true],"medium":["https:\/\/curva1.com.ar\/wp-content\/uploads\/2015\/05\/IMG_7864-600x337.jpg",600,337,true],"medium_large":["https:\/\/curva1.com.ar\/wp-content\/uploads\/2015\/05\/IMG_7864.jpg",640,360,false],"large":["https:\/\/curva1.com.ar\/wp-content\/uploads\/2015\/05\/IMG_7864.jpg",640,360,false],"1536x1536":["https:\/\/curva1.com.ar\/wp-content\/uploads\/2015\/05\/IMG_7864.jpg",720,405,false],"2048x2048":["https:\/\/curva1.com.ar\/wp-content\/uploads\/2015\/05\/IMG_7864.jpg",720,405,false],"chromenews-featured":["https:\/\/curva1.com.ar\/wp-content\/uploads\/2015\/05\/IMG_7864.jpg",720,405,false],"chromenews-large":["https:\/\/curva1.com.ar\/wp-content\/uploads\/2015\/05\/IMG_7864.jpg",720,405,false],"chromenews-medium":["https:\/\/curva1.com.ar\/wp-content\/uploads\/2015\/05\/IMG_7864.jpg",590,332,false]},"author_info":{"display_name":"Jos\u00e9 Bravo","author_link":"https:\/\/curva1.com.ar\/?author=1"},"category_info":"<a href=\"https:\/\/curva1.com.ar\/?cat=1\" rel=\"category\">Zonal Cuyano<\/a>","tag_info":"Zonal Cuyano","comment_count":"0","_links":{"self":[{"href":"https:\/\/curva1.com.ar\/index.php?rest_route=\/wp\/v2\/posts\/14558","targetHints":{"allow":["GET"]}}],"collection":[{"href":"https:\/\/curva1.com.ar\/index.php?rest_route=\/wp\/v2\/posts"}],"about":[{"href":"https:\/\/curva1.com.ar\/index.php?rest_route=\/wp\/v2\/types\/post"}],"author":[{"embeddable":true,"href":"https:\/\/curva1.com.ar\/index.php?rest_route=\/wp\/v2\/users\/1"}],"replies":[{"embeddable":true,"href":"https:\/\/curva1.com.ar\/index.php?rest_route=%2Fwp%2Fv2%2Fcomments&post=14558"}],"version-history":[{"count":4,"href":"https:\/\/curva1.com.ar\/index.php?rest_route=\/wp\/v2\/posts\/14558\/revisions"}],"predecessor-version":[{"id":14590,"href":"https:\/\/curva1.com.ar\/index.php?rest_route=\/wp\/v2\/posts\/14558\/revisions\/14590"}],"wp:featuredmedia":[{"embeddable":true,"href":"https:\/\/curva1.com.ar\/index.php?rest_route=\/wp\/v2\/media\/14559"}],"wp:attachment":[{"href":"https:\/\/curva1.com.ar\/index.php?rest_route=%2Fwp%2Fv2%2Fmedia&parent=14558"}],"wp:term":[{"taxonomy":"category","embeddable":true,"href":"https:\/\/curva1.com.ar\/index.php?rest_route=%2Fwp%2Fv2%2Fcategories&post=14558"},{"taxonomy":"post_tag","embeddable":true,"href":"https:\/\/curva1.com.ar\/index.php?rest_route=%2Fwp%2Fv2%2Ftags&post=14558"}],"curies":[{"name":"wp","href":"https:\/\/api.w.org\/{rel}","templated":true}]}}