{"id":14637,"date":"2015-05-11T17:31:55","date_gmt":"2015-05-11T20:31:55","guid":{"rendered":"http:\/\/www.curva1.com.ar\/?p=14637"},"modified":"2015-05-12T18:08:38","modified_gmt":"2015-05-12T21:08:38","slug":"vuelve-a-pista-un-auto-historico-al-tc-cuyano","status":"publish","type":"post","link":"https:\/\/curva1.com.ar\/?p=14637","title":{"rendered":"Jorge Martin regresa al TC Cuyano en la carrera de San Lu\u00eds"},"content":{"rendered":"<p><img loading=\"lazy\" decoding=\"async\" class=\"aligncenter size-full wp-image-14638\" src=\"http:\/\/www.curva1.com.ar\/wp-content\/uploads\/2015\/05\/10006342_370843829774585_6992122579261129778_n.jpg\" alt=\"10006342_370843829774585_6992122579261129778_n\" width=\"720\" height=\"405\" srcset=\"https:\/\/curva1.com.ar\/wp-content\/uploads\/2015\/05\/10006342_370843829774585_6992122579261129778_n.jpg 720w, https:\/\/curva1.com.ar\/wp-content\/uploads\/2015\/05\/10006342_370843829774585_6992122579261129778_n-300x169.jpg 300w, https:\/\/curva1.com.ar\/wp-content\/uploads\/2015\/05\/10006342_370843829774585_6992122579261129778_n-600x337.jpg 600w\" sizes=\"auto, (max-width: 720px) 100vw, 720px\" \/><\/p>\n<p>La pr\u00f3xima fecha del Zonal Cuyano ser\u00e1 en San Lu\u00eds el 23 y 24 de mayo y volver\u00e1 a pista un auto que a\u00f1os atr\u00e1s fue campe\u00f3n.<\/p>\n<p>Se trata de la chevy roja con la que se consagr\u00f3 campe\u00f3n Jorgito Martin en el TC Cuyano, temporada 2007.<\/p>\n<p>El piloto ser\u00e1 Jorge Martin (padre) que regresa a pista luego de varios a\u00f1os de inactividad.<\/p>\n<p>La noticia fue confirmada a Curva 1 por Angel Gigena, quien estar\u00e1 a cargo de la atenci\u00f3n en pista del Chevrolet.<\/p>\n","protected":false},"excerpt":{"rendered":"<p>La pr\u00f3xima fecha del Zonal Cuyano ser\u00e1 en San Lu\u00eds el 23 y 24 de<\/p>\n","protected":false},"author":1,"featured_media":14638,"comment_status":"open","ping_status":"closed","sticky":false,"template":"","format":"standard","meta":{"footnotes":""},"categories":[1],"tags":[],"class_list":["post-14637","post","type-post","status-publish","format-standard","has-post-thumbnail","hentry","category-zonal-cuyano"],"featured_image_urls":{"full":["https:\/\/curva1.com.ar\/wp-content\/uploads\/2015\/05\/10006342_370843829774585_6992122579261129778_n.jpg",720,405,false],"thumbnail":["https:\/\/curva1.com.ar\/wp-content\/uploads\/2015\/05\/10006342_370843829774585_6992122579261129778_n-300x169.jpg",300,169,true],"medium":["https:\/\/curva1.com.ar\/wp-content\/uploads\/2015\/05\/10006342_370843829774585_6992122579261129778_n-600x337.jpg",600,337,true],"medium_large":["https:\/\/curva1.com.ar\/wp-content\/uploads\/2015\/05\/10006342_370843829774585_6992122579261129778_n.jpg",640,360,false],"large":["https:\/\/curva1.com.ar\/wp-content\/uploads\/2015\/05\/10006342_370843829774585_6992122579261129778_n.jpg",640,360,false],"1536x1536":["https:\/\/curva1.com.ar\/wp-content\/uploads\/2015\/05\/10006342_370843829774585_6992122579261129778_n.jpg",720,405,false],"2048x2048":["https:\/\/curva1.com.ar\/wp-content\/uploads\/2015\/05\/10006342_370843829774585_6992122579261129778_n.jpg",720,405,false],"chromenews-featured":["https:\/\/curva1.com.ar\/wp-content\/uploads\/2015\/05\/10006342_370843829774585_6992122579261129778_n.jpg",720,405,false],"chromenews-large":["https:\/\/curva1.com.ar\/wp-content\/uploads\/2015\/05\/10006342_370843829774585_6992122579261129778_n.jpg",720,405,false],"chromenews-medium":["https:\/\/curva1.com.ar\/wp-content\/uploads\/2015\/05\/10006342_370843829774585_6992122579261129778_n.jpg",590,332,false]},"author_info":{"display_name":"Jos\u00e9 Bravo","author_link":"https:\/\/curva1.com.ar\/?author=1"},"category_info":"<a href=\"https:\/\/curva1.com.ar\/?cat=1\" rel=\"category\">Zonal Cuyano<\/a>","tag_info":"Zonal Cuyano","comment_count":"0","_links":{"self":[{"href":"https:\/\/curva1.com.ar\/index.php?rest_route=\/wp\/v2\/posts\/14637","targetHints":{"allow":["GET"]}}],"collection":[{"href":"https:\/\/curva1.com.ar\/index.php?rest_route=\/wp\/v2\/posts"}],"about":[{"href":"https:\/\/curva1.com.ar\/index.php?rest_route=\/wp\/v2\/types\/post"}],"author":[{"embeddable":true,"href":"https:\/\/curva1.com.ar\/index.php?rest_route=\/wp\/v2\/users\/1"}],"replies":[{"embeddable":true,"href":"https:\/\/curva1.com.ar\/index.php?rest_route=%2Fwp%2Fv2%2Fcomments&post=14637"}],"version-history":[{"count":5,"href":"https:\/\/curva1.com.ar\/index.php?rest_route=\/wp\/v2\/posts\/14637\/revisions"}],"predecessor-version":[{"id":14660,"href":"https:\/\/curva1.com.ar\/index.php?rest_route=\/wp\/v2\/posts\/14637\/revisions\/14660"}],"wp:featuredmedia":[{"embeddable":true,"href":"https:\/\/curva1.com.ar\/index.php?rest_route=\/wp\/v2\/media\/14638"}],"wp:attachment":[{"href":"https:\/\/curva1.com.ar\/index.php?rest_route=%2Fwp%2Fv2%2Fmedia&parent=14637"}],"wp:term":[{"taxonomy":"category","embeddable":true,"href":"https:\/\/curva1.com.ar\/index.php?rest_route=%2Fwp%2Fv2%2Fcategories&post=14637"},{"taxonomy":"post_tag","embeddable":true,"href":"https:\/\/curva1.com.ar\/index.php?rest_route=%2Fwp%2Fv2%2Ftags&post=14637"}],"curies":[{"name":"wp","href":"https:\/\/api.w.org\/{rel}","templated":true}]}}