{"id":14655,"date":"2015-05-12T11:58:37","date_gmt":"2015-05-12T14:58:37","guid":{"rendered":"http:\/\/www.curva1.com.ar\/?p=14655"},"modified":"2015-05-12T18:04:04","modified_gmt":"2015-05-12T21:04:04","slug":"federico-cueito-hacia-mucho-tiempo-que-no-veia-al-zonal-tan-bien","status":"publish","type":"post","link":"https:\/\/curva1.com.ar\/?p=14655","title":{"rendered":"Federico Cueito &#8220;Hac\u00eda mucho tiempo que no ve\u00eda al Zonal tan bien&#8221;"},"content":{"rendered":"<p><img loading=\"lazy\" decoding=\"async\" class=\"aligncenter size-full wp-image-14656\" src=\"http:\/\/www.curva1.com.ar\/wp-content\/uploads\/2015\/05\/IMG_3635.jpg\" alt=\"IMG_3635\" width=\"720\" height=\"405\" srcset=\"https:\/\/curva1.com.ar\/wp-content\/uploads\/2015\/05\/IMG_3635.jpg 720w, https:\/\/curva1.com.ar\/wp-content\/uploads\/2015\/05\/IMG_3635-300x169.jpg 300w, https:\/\/curva1.com.ar\/wp-content\/uploads\/2015\/05\/IMG_3635-600x337.jpg 600w\" sizes=\"auto, (max-width: 720px) 100vw, 720px\" \/><\/p>\n<p>El piloto de Tunuy\u00e1n dialog\u00f3 con Curva 1 sobre su posible desembarco en la Clase 1 del Zonal Cuyano.<\/p>\n<p><strong>&#8220;El preparador Roque Barbay me cede un Gordini para que me\u00a0 incorpore a la categor\u00eda, por lo que estoy muy entusiasmado, me gusta mucho la Clase 1. Faltan algunos detalles y ojala terminemos de cerrar todo. Estamos trabajando para estar presentes en la carrera de San Lu\u00eds&#8221;.<\/strong><\/p>\n<p><strong>&#8220;Me hubiera gustado haber pintado el 2 en el Turismo Promocional 1.4, pero por falta de presupuesto no puedo seguir&#8221;<\/strong> dijo el actual subcampe\u00f3n 2014 junto con el team de Ricardo Morales.<\/p>\n<p>Respecto a la fecha anterior del Zonal Cuyano, Cueito destac\u00f3 <strong>&#8220;Fue emocionante la carrera de San Mart\u00edn. Hac\u00eda mucho tiempo que no ve\u00eda al Zonal tan bien, con tantas cosas, gente, colorido, un circo hermoso. Espero que siga asi y mejor si se puede. Hicieron algo incre\u00edble en San Mart\u00edn y me dio mucha l\u00e1stima no haber estado como piloto ese finde, pero entre todos tenemos que poner un granito de arena para que el zonal siga creciendo&#8221;.<\/strong><\/p>\n","protected":false},"excerpt":{"rendered":"<p>El piloto de Tunuy\u00e1n dialog\u00f3 con Curva 1 sobre su posible desembarco en la Clase<\/p>\n","protected":false},"author":1,"featured_media":14656,"comment_status":"open","ping_status":"closed","sticky":false,"template":"","format":"standard","meta":{"footnotes":""},"categories":[1],"tags":[],"class_list":["post-14655","post","type-post","status-publish","format-standard","has-post-thumbnail","hentry","category-zonal-cuyano"],"featured_image_urls":{"full":["https:\/\/curva1.com.ar\/wp-content\/uploads\/2015\/05\/IMG_3635.jpg",720,405,false],"thumbnail":["https:\/\/curva1.com.ar\/wp-content\/uploads\/2015\/05\/IMG_3635-300x169.jpg",300,169,true],"medium":["https:\/\/curva1.com.ar\/wp-content\/uploads\/2015\/05\/IMG_3635-600x337.jpg",600,337,true],"medium_large":["https:\/\/curva1.com.ar\/wp-content\/uploads\/2015\/05\/IMG_3635.jpg",640,360,false],"large":["https:\/\/curva1.com.ar\/wp-content\/uploads\/2015\/05\/IMG_3635.jpg",640,360,false],"1536x1536":["https:\/\/curva1.com.ar\/wp-content\/uploads\/2015\/05\/IMG_3635.jpg",720,405,false],"2048x2048":["https:\/\/curva1.com.ar\/wp-content\/uploads\/2015\/05\/IMG_3635.jpg",720,405,false],"chromenews-featured":["https:\/\/curva1.com.ar\/wp-content\/uploads\/2015\/05\/IMG_3635.jpg",720,405,false],"chromenews-large":["https:\/\/curva1.com.ar\/wp-content\/uploads\/2015\/05\/IMG_3635.jpg",720,405,false],"chromenews-medium":["https:\/\/curva1.com.ar\/wp-content\/uploads\/2015\/05\/IMG_3635.jpg",590,332,false]},"author_info":{"display_name":"Jos\u00e9 Bravo","author_link":"https:\/\/curva1.com.ar\/?author=1"},"category_info":"<a href=\"https:\/\/curva1.com.ar\/?cat=1\" rel=\"category\">Zonal Cuyano<\/a>","tag_info":"Zonal Cuyano","comment_count":"0","_links":{"self":[{"href":"https:\/\/curva1.com.ar\/index.php?rest_route=\/wp\/v2\/posts\/14655","targetHints":{"allow":["GET"]}}],"collection":[{"href":"https:\/\/curva1.com.ar\/index.php?rest_route=\/wp\/v2\/posts"}],"about":[{"href":"https:\/\/curva1.com.ar\/index.php?rest_route=\/wp\/v2\/types\/post"}],"author":[{"embeddable":true,"href":"https:\/\/curva1.com.ar\/index.php?rest_route=\/wp\/v2\/users\/1"}],"replies":[{"embeddable":true,"href":"https:\/\/curva1.com.ar\/index.php?rest_route=%2Fwp%2Fv2%2Fcomments&post=14655"}],"version-history":[{"count":3,"href":"https:\/\/curva1.com.ar\/index.php?rest_route=\/wp\/v2\/posts\/14655\/revisions"}],"predecessor-version":[{"id":14659,"href":"https:\/\/curva1.com.ar\/index.php?rest_route=\/wp\/v2\/posts\/14655\/revisions\/14659"}],"wp:featuredmedia":[{"embeddable":true,"href":"https:\/\/curva1.com.ar\/index.php?rest_route=\/wp\/v2\/media\/14656"}],"wp:attachment":[{"href":"https:\/\/curva1.com.ar\/index.php?rest_route=%2Fwp%2Fv2%2Fmedia&parent=14655"}],"wp:term":[{"taxonomy":"category","embeddable":true,"href":"https:\/\/curva1.com.ar\/index.php?rest_route=%2Fwp%2Fv2%2Fcategories&post=14655"},{"taxonomy":"post_tag","embeddable":true,"href":"https:\/\/curva1.com.ar\/index.php?rest_route=%2Fwp%2Fv2%2Ftags&post=14655"}],"curies":[{"name":"wp","href":"https:\/\/api.w.org\/{rel}","templated":true}]}}