{"id":1470,"date":"2012-10-08T23:50:24","date_gmt":"2012-10-09T02:50:24","guid":{"rendered":"http:\/\/www.curva1.com.ar\/?p=1470"},"modified":"2012-10-09T00:18:55","modified_gmt":"2012-10-09T03:18:55","slug":"las-polemicas-de-matias-rossi-con-la-hinchada-de-chevrolet","status":"publish","type":"post","link":"https:\/\/curva1.com.ar\/?p=1470","title":{"rendered":"Las pol\u00e9micas de Rossi con la hinchada de Chevrolet y Canapino"},"content":{"rendered":"<p><img loading=\"lazy\" decoding=\"async\" class=\"aligncenter size-full wp-image-1475\" title=\"cafrossiasts\" src=\"http:\/\/www.curva1.com.ar\/wp-content\/uploads\/2012\/10\/cafrossiasts.jpg\" alt=\"\" width=\"500\" height=\"281\" srcset=\"https:\/\/curva1.com.ar\/wp-content\/uploads\/2012\/10\/cafrossiasts.jpg 500w, https:\/\/curva1.com.ar\/wp-content\/uploads\/2012\/10\/cafrossiasts-300x168.jpg 300w\" sizes=\"auto, (max-width: 500px) 100vw, 500px\" \/><\/p>\n<p>Mat\u00edas Rossi es el protagonista de la semana. Primero por ganar la carrera de San Lu\u00eds bajo la lluvia, segundo por convertirse en l\u00edder de la Copa de Oro y tercero por todo lo que gener\u00f3 el pol\u00e9mico podio en el Rosendo Hern\u00e1ndez.<\/p>\n<p>En Twitter todo explot\u00f3:<\/p>\n<div>\n<blockquote><p><strong>LargaronRadio<\/strong> Dur\u00edsimo Rossi en la conferencia&#8230;&#8221;Ojal\u00e1 podamos pintar el 1 en otra marca. No estoy contento con la hinchada, me insulto en el podio&#8221;\u00a0<em> <\/em><\/p><\/blockquote>\n<\/div>\n<blockquote><p><strong>mansillamauri<\/strong> Rossi fue insultado por una parte de la parcialidad de Chevrolet. Tema: les molesta corra con Ford en Top Race. Me parece demasiado&#8230;<\/p><\/blockquote>\n<p><strong>Pistas Argentinas<\/strong> dio a conocer hoy una nueva pol\u00e9mica, una recriminaci\u00f3n de Agust\u00edn Canapino a Rossi, apenas bajando del podio. Aqu\u00ed el video.<\/p>\n<p><iframe loading=\"lazy\" src=\"http:\/\/www.youtube.com\/embed\/XSsjx_e6S04\" frameborder=\"0\" width=\"500\" height=\"375\"><\/iframe><\/p>\n","protected":false},"excerpt":{"rendered":"<p>Mat\u00edas Rossi es el protagonista de la semana. Primero por ganar la carrera de San<\/p>\n","protected":false},"author":1,"featured_media":1475,"comment_status":"open","ping_status":"closed","sticky":false,"template":"","format":"standard","meta":{"footnotes":""},"categories":[6],"tags":[],"class_list":["post-1470","post","type-post","status-publish","format-standard","has-post-thumbnail","hentry","category-nacionales"],"featured_image_urls":{"full":["https:\/\/curva1.com.ar\/wp-content\/uploads\/2012\/10\/cafrossiasts.jpg",500,281,false],"thumbnail":["https:\/\/curva1.com.ar\/wp-content\/uploads\/2012\/10\/cafrossiasts-150x150.jpg",150,150,true],"medium":["https:\/\/curva1.com.ar\/wp-content\/uploads\/2012\/10\/cafrossiasts-300x168.jpg",300,168,true],"medium_large":["https:\/\/curva1.com.ar\/wp-content\/uploads\/2012\/10\/cafrossiasts.jpg",500,281,false],"large":["https:\/\/curva1.com.ar\/wp-content\/uploads\/2012\/10\/cafrossiasts.jpg",500,281,false],"1536x1536":["https:\/\/curva1.com.ar\/wp-content\/uploads\/2012\/10\/cafrossiasts.jpg",500,281,false],"2048x2048":["https:\/\/curva1.com.ar\/wp-content\/uploads\/2012\/10\/cafrossiasts.jpg",500,281,false],"chromenews-featured":["https:\/\/curva1.com.ar\/wp-content\/uploads\/2012\/10\/cafrossiasts.jpg",500,281,false],"chromenews-large":["https:\/\/curva1.com.ar\/wp-content\/uploads\/2012\/10\/cafrossiasts.jpg",500,281,false],"chromenews-medium":["https:\/\/curva1.com.ar\/wp-content\/uploads\/2012\/10\/cafrossiasts.jpg",500,281,false]},"author_info":{"display_name":"Jos\u00e9 Bravo","author_link":"https:\/\/curva1.com.ar\/?author=1"},"category_info":"<a href=\"https:\/\/curva1.com.ar\/?cat=6\" rel=\"category\">Nacionales<\/a>","tag_info":"Nacionales","comment_count":"0","_links":{"self":[{"href":"https:\/\/curva1.com.ar\/index.php?rest_route=\/wp\/v2\/posts\/1470","targetHints":{"allow":["GET"]}}],"collection":[{"href":"https:\/\/curva1.com.ar\/index.php?rest_route=\/wp\/v2\/posts"}],"about":[{"href":"https:\/\/curva1.com.ar\/index.php?rest_route=\/wp\/v2\/types\/post"}],"author":[{"embeddable":true,"href":"https:\/\/curva1.com.ar\/index.php?rest_route=\/wp\/v2\/users\/1"}],"replies":[{"embeddable":true,"href":"https:\/\/curva1.com.ar\/index.php?rest_route=%2Fwp%2Fv2%2Fcomments&post=1470"}],"version-history":[{"count":6,"href":"https:\/\/curva1.com.ar\/index.php?rest_route=\/wp\/v2\/posts\/1470\/revisions"}],"predecessor-version":[{"id":1481,"href":"https:\/\/curva1.com.ar\/index.php?rest_route=\/wp\/v2\/posts\/1470\/revisions\/1481"}],"wp:featuredmedia":[{"embeddable":true,"href":"https:\/\/curva1.com.ar\/index.php?rest_route=\/wp\/v2\/media\/1475"}],"wp:attachment":[{"href":"https:\/\/curva1.com.ar\/index.php?rest_route=%2Fwp%2Fv2%2Fmedia&parent=1470"}],"wp:term":[{"taxonomy":"category","embeddable":true,"href":"https:\/\/curva1.com.ar\/index.php?rest_route=%2Fwp%2Fv2%2Fcategories&post=1470"},{"taxonomy":"post_tag","embeddable":true,"href":"https:\/\/curva1.com.ar\/index.php?rest_route=%2Fwp%2Fv2%2Ftags&post=1470"}],"curies":[{"name":"wp","href":"https:\/\/api.w.org\/{rel}","templated":true}]}}