{"id":14736,"date":"2015-05-15T17:11:41","date_gmt":"2015-05-15T20:11:41","guid":{"rendered":"http:\/\/www.curva1.com.ar\/?p=14736"},"modified":"2015-05-15T17:11:41","modified_gmt":"2015-05-15T20:11:41","slug":"tc-cuyano-y-super-car-puntano-correran-juntos-en-san-luis","status":"publish","type":"post","link":"https:\/\/curva1.com.ar\/?p=14736","title":{"rendered":"TC Cuyano y S\u00faper Car Puntano correr\u00e1n juntos en San Lu\u00eds"},"content":{"rendered":"<p><img loading=\"lazy\" decoding=\"async\" class=\"aligncenter size-full wp-image-14738\" src=\"http:\/\/www.curva1.com.ar\/wp-content\/uploads\/2015\/05\/10675585_1434873446814287_3171973463478706688_n.jpg\" alt=\"10675585_1434873446814287_3171973463478706688_n\" width=\"720\" height=\"405\" srcset=\"https:\/\/curva1.com.ar\/wp-content\/uploads\/2015\/05\/10675585_1434873446814287_3171973463478706688_n.jpg 720w, https:\/\/curva1.com.ar\/wp-content\/uploads\/2015\/05\/10675585_1434873446814287_3171973463478706688_n-300x169.jpg 300w, https:\/\/curva1.com.ar\/wp-content\/uploads\/2015\/05\/10675585_1434873446814287_3171973463478706688_n-600x337.jpg 600w\" sizes=\"auto, (max-width: 720px) 100vw, 720px\" \/><\/p>\n<p>Los integrantes de APATC y ARPADP tuvieron una positiva reuni\u00f3n donde decidieron unir los Turismo Carreteras de Cuyo.<\/p>\n<p>Est\u00e1 confirmado que en la 3\u00ba fecha del Zonal Cuyano a disputarse en San Lu\u00eds, las categor\u00edas TC Cuyano y S\u00faper Car (Zonal Puntano) disputar\u00e1n juntos la final, sumando m\u00e1s de 25 autos en un espect\u00e1culo \u00fanico.<\/p>\n<div class=\"text_exposed_show\">\n<p>La cita del 23 y 24 de Mayo en el Aut\u00f3dromo Rosendo Hern\u00e1ndez ser\u00e1 especial. Las cl\u00e1sicas cuatro marcas del automovilismo argentino se reunir\u00e1n en la pista, sumando pilotos de Mendoza, San Juan, San Lu\u00eds y C\u00f3rdoba.<\/p>\n<p>La cooperaci\u00f3n de ambas asociaciones para el crecimiento del automovilismo zonal ha comenzado.<\/p>\n<p><img loading=\"lazy\" decoding=\"async\" class=\"aligncenter size-full wp-image-14739\" src=\"http:\/\/www.curva1.com.ar\/wp-content\/uploads\/2015\/05\/11265492_1434873476814284_5642470974259488201_o.jpg\" alt=\"11265492_1434873476814284_5642470974259488201_o\" width=\"720\" height=\"405\" srcset=\"https:\/\/curva1.com.ar\/wp-content\/uploads\/2015\/05\/11265492_1434873476814284_5642470974259488201_o.jpg 720w, https:\/\/curva1.com.ar\/wp-content\/uploads\/2015\/05\/11265492_1434873476814284_5642470974259488201_o-300x169.jpg 300w, https:\/\/curva1.com.ar\/wp-content\/uploads\/2015\/05\/11265492_1434873476814284_5642470974259488201_o-600x337.jpg 600w\" sizes=\"auto, (max-width: 720px) 100vw, 720px\" \/><\/p>\n<\/div>\n","protected":false},"excerpt":{"rendered":"<p>Los integrantes de APATC y ARPADP tuvieron una positiva reuni\u00f3n donde decidieron unir los Turismo<\/p>\n","protected":false},"author":1,"featured_media":14738,"comment_status":"open","ping_status":"closed","sticky":false,"template":"","format":"standard","meta":{"footnotes":""},"categories":[1],"tags":[],"class_list":["post-14736","post","type-post","status-publish","format-standard","has-post-thumbnail","hentry","category-zonal-cuyano"],"featured_image_urls":{"full":["https:\/\/curva1.com.ar\/wp-content\/uploads\/2015\/05\/10675585_1434873446814287_3171973463478706688_n.jpg",720,405,false],"thumbnail":["https:\/\/curva1.com.ar\/wp-content\/uploads\/2015\/05\/10675585_1434873446814287_3171973463478706688_n-300x169.jpg",300,169,true],"medium":["https:\/\/curva1.com.ar\/wp-content\/uploads\/2015\/05\/10675585_1434873446814287_3171973463478706688_n-600x337.jpg",600,337,true],"medium_large":["https:\/\/curva1.com.ar\/wp-content\/uploads\/2015\/05\/10675585_1434873446814287_3171973463478706688_n.jpg",640,360,false],"large":["https:\/\/curva1.com.ar\/wp-content\/uploads\/2015\/05\/10675585_1434873446814287_3171973463478706688_n.jpg",640,360,false],"1536x1536":["https:\/\/curva1.com.ar\/wp-content\/uploads\/2015\/05\/10675585_1434873446814287_3171973463478706688_n.jpg",720,405,false],"2048x2048":["https:\/\/curva1.com.ar\/wp-content\/uploads\/2015\/05\/10675585_1434873446814287_3171973463478706688_n.jpg",720,405,false],"chromenews-featured":["https:\/\/curva1.com.ar\/wp-content\/uploads\/2015\/05\/10675585_1434873446814287_3171973463478706688_n.jpg",720,405,false],"chromenews-large":["https:\/\/curva1.com.ar\/wp-content\/uploads\/2015\/05\/10675585_1434873446814287_3171973463478706688_n.jpg",720,405,false],"chromenews-medium":["https:\/\/curva1.com.ar\/wp-content\/uploads\/2015\/05\/10675585_1434873446814287_3171973463478706688_n.jpg",590,332,false]},"author_info":{"display_name":"Jos\u00e9 Bravo","author_link":"https:\/\/curva1.com.ar\/?author=1"},"category_info":"<a href=\"https:\/\/curva1.com.ar\/?cat=1\" rel=\"category\">Zonal Cuyano<\/a>","tag_info":"Zonal Cuyano","comment_count":"0","_links":{"self":[{"href":"https:\/\/curva1.com.ar\/index.php?rest_route=\/wp\/v2\/posts\/14736","targetHints":{"allow":["GET"]}}],"collection":[{"href":"https:\/\/curva1.com.ar\/index.php?rest_route=\/wp\/v2\/posts"}],"about":[{"href":"https:\/\/curva1.com.ar\/index.php?rest_route=\/wp\/v2\/types\/post"}],"author":[{"embeddable":true,"href":"https:\/\/curva1.com.ar\/index.php?rest_route=\/wp\/v2\/users\/1"}],"replies":[{"embeddable":true,"href":"https:\/\/curva1.com.ar\/index.php?rest_route=%2Fwp%2Fv2%2Fcomments&post=14736"}],"version-history":[{"count":2,"href":"https:\/\/curva1.com.ar\/index.php?rest_route=\/wp\/v2\/posts\/14736\/revisions"}],"predecessor-version":[{"id":14740,"href":"https:\/\/curva1.com.ar\/index.php?rest_route=\/wp\/v2\/posts\/14736\/revisions\/14740"}],"wp:featuredmedia":[{"embeddable":true,"href":"https:\/\/curva1.com.ar\/index.php?rest_route=\/wp\/v2\/media\/14738"}],"wp:attachment":[{"href":"https:\/\/curva1.com.ar\/index.php?rest_route=%2Fwp%2Fv2%2Fmedia&parent=14736"}],"wp:term":[{"taxonomy":"category","embeddable":true,"href":"https:\/\/curva1.com.ar\/index.php?rest_route=%2Fwp%2Fv2%2Fcategories&post=14736"},{"taxonomy":"post_tag","embeddable":true,"href":"https:\/\/curva1.com.ar\/index.php?rest_route=%2Fwp%2Fv2%2Ftags&post=14736"}],"curies":[{"name":"wp","href":"https:\/\/api.w.org\/{rel}","templated":true}]}}