{"id":14753,"date":"2015-05-16T12:52:35","date_gmt":"2015-05-16T15:52:35","guid":{"rendered":"http:\/\/www.curva1.com.ar\/?p=14753"},"modified":"2015-05-16T12:52:35","modified_gmt":"2015-05-16T15:52:35","slug":"la-palabra-de-los-protagonitas-de-la-ultima-fecha-del-karting-local","status":"publish","type":"post","link":"https:\/\/curva1.com.ar\/?p=14753","title":{"rendered":"La palabra de los protagonitas de la \u00faltima fecha del karting local"},"content":{"rendered":"<p><img loading=\"lazy\" decoding=\"async\" class=\"aligncenter wp-image-52282 size-full\" src=\"http:\/\/curva1kart.com.ar\/noticias\/wp-content\/uploads\/2015\/05\/IMG_98761.jpg\" alt=\"IMG_9876\" width=\"620\" height=\"349\" \/><\/p>\n<p>Pas\u00f3 la segunda fecha del Campeonato Mendocino de Karting y te dejamos las notas que los integrantes del podio le dieron a Curva 1 KART.<\/p>\n<p><span style=\"color: #ff0000;\"><strong>IMPORTANTE<\/strong><\/span>. El pr\u00f3ximo martes 19 de Mayo a las 20:30 horas se realizar\u00e1 una reuni\u00f3n en la sede de FEMAD para tratar temas del karting mendocino y trabajar en pos de recuperar el parque de pilotos, adem\u00e1s de otros temas que se presentar\u00e1n en la cita.<\/p>\n<p>Aqu\u00ed la palabra de los protagonistas.<\/p>\n<p>TOMAS VITAR &#8211; Ganador Promocional IAME 60<\/p>\n<audio class=\"wp-audio-shortcode\" id=\"audio-14753-1\" preload=\"none\" style=\"width: 100%;\" controls=\"controls\"><source type=\"audio\/mpeg\" src=\"http:\/\/curva1kart.com.ar\/noticias\/wp-content\/uploads\/2015\/05\/Tomas-vitar1.mp3?_=1\" \/><a href=\"http:\/\/curva1kart.com.ar\/noticias\/wp-content\/uploads\/2015\/05\/Tomas-vitar1.mp3\">http:\/\/curva1kart.com.ar\/noticias\/wp-content\/uploads\/2015\/05\/Tomas-vitar1.mp3<\/a><\/audio>\n<p>.<\/p>\n<p>TOMAS PALAU &#8211; 2\u00ba\u00a0Promocional IAME 60<\/p>\n<audio class=\"wp-audio-shortcode\" id=\"audio-14753-2\" preload=\"none\" style=\"width: 100%;\" controls=\"controls\"><source type=\"audio\/mpeg\" src=\"http:\/\/curva1kart.com.ar\/noticias\/wp-content\/uploads\/2015\/05\/Maxi-palauu.m4a?_=2\" \/><a href=\"http:\/\/curva1kart.com.ar\/noticias\/wp-content\/uploads\/2015\/05\/Maxi-palauu.m4a\">http:\/\/curva1kart.com.ar\/noticias\/wp-content\/uploads\/2015\/05\/Maxi-palauu.m4a<\/a><\/audio>\n<p>.<\/p>\n<p><img loading=\"lazy\" decoding=\"async\" class=\"aligncenter wp-image-52281 size-full\" src=\"http:\/\/curva1kart.com.ar\/noticias\/wp-content\/uploads\/2015\/05\/IMG_97231.jpg\" alt=\"IMG_9723\" width=\"620\" height=\"349\" \/><\/p>\n<p>AGUSTIN PALAU\u00a0 &#8211; 3\u00ba\u00a0Promocional IAME 60<\/p>\n<audio class=\"wp-audio-shortcode\" id=\"audio-14753-3\" preload=\"none\" style=\"width: 100%;\" controls=\"controls\"><source type=\"audio\/mpeg\" src=\"http:\/\/curva1kart.com.ar\/noticias\/wp-content\/uploads\/2015\/05\/Agu-plalau.m4a?_=3\" \/><a href=\"http:\/\/curva1kart.com.ar\/noticias\/wp-content\/uploads\/2015\/05\/Agu-plalau.m4a\">http:\/\/curva1kart.com.ar\/noticias\/wp-content\/uploads\/2015\/05\/Agu-plalau.m4a<\/a><\/audio>\n<p>.<\/p>\n<p>LEANDRO CIMINO &#8211; Ganador S\u00faper 4 Tiempos<\/p>\n<audio class=\"wp-audio-shortcode\" id=\"audio-14753-4\" preload=\"none\" style=\"width: 100%;\" controls=\"controls\"><source type=\"audio\/mpeg\" src=\"http:\/\/curva1kart.com.ar\/noticias\/wp-content\/uploads\/2015\/05\/Cimmijo1.m4a?_=4\" \/><a href=\"http:\/\/curva1kart.com.ar\/noticias\/wp-content\/uploads\/2015\/05\/Cimmijo1.m4a\">http:\/\/curva1kart.com.ar\/noticias\/wp-content\/uploads\/2015\/05\/Cimmijo1.m4a<\/a><\/audio>\n<p>.<\/p>\n<p>FRANCO FERNANDEZ &#8211; 2\u00ba\u00a0S\u00faper 4 Tiempos<\/p>\n<audio class=\"wp-audio-shortcode\" id=\"audio-14753-5\" preload=\"none\" style=\"width: 100%;\" controls=\"controls\"><source type=\"audio\/mpeg\" src=\"http:\/\/curva1kart.com.ar\/noticias\/wp-content\/uploads\/2015\/05\/Fernaneez.m4a?_=5\" \/><a href=\"http:\/\/curva1kart.com.ar\/noticias\/wp-content\/uploads\/2015\/05\/Fernaneez.m4a\">http:\/\/curva1kart.com.ar\/noticias\/wp-content\/uploads\/2015\/05\/Fernaneez.m4a<\/a><\/audio>\n<p>.<\/p>\n<p><img loading=\"lazy\" decoding=\"async\" class=\"aligncenter wp-image-52279 size-full\" src=\"http:\/\/curva1kart.com.ar\/noticias\/wp-content\/uploads\/2015\/05\/IMG_9683.jpg\" alt=\"IMG_9683\" width=\"620\" height=\"349\" \/><\/p>\n<p>JUAN MANUEL GIL &#8211; 3\u00ba\u00a0S\u00faper 4 Tiempos<\/p>\n<audio class=\"wp-audio-shortcode\" id=\"audio-14753-6\" preload=\"none\" style=\"width: 100%;\" controls=\"controls\"><source type=\"audio\/mpeg\" src=\"http:\/\/curva1kart.com.ar\/noticias\/wp-content\/uploads\/2015\/05\/Jusnm-gil.m4a?_=6\" \/><a href=\"http:\/\/curva1kart.com.ar\/noticias\/wp-content\/uploads\/2015\/05\/Jusnm-gil.m4a\">http:\/\/curva1kart.com.ar\/noticias\/wp-content\/uploads\/2015\/05\/Jusnm-gil.m4a<\/a><\/audio>\n<p>.<\/p>\n<p>FEDERICO ALVAREZ STORNI &#8211; Ganador Senior Pro<\/p>\n<audio class=\"wp-audio-shortcode\" id=\"audio-14753-7\" preload=\"none\" style=\"width: 100%;\" controls=\"controls\"><source type=\"audio\/mpeg\" src=\"http:\/\/curva1kart.com.ar\/noticias\/wp-content\/uploads\/2015\/05\/Slvarez1.m4a?_=7\" \/><a href=\"http:\/\/curva1kart.com.ar\/noticias\/wp-content\/uploads\/2015\/05\/Slvarez1.m4a\">http:\/\/curva1kart.com.ar\/noticias\/wp-content\/uploads\/2015\/05\/Slvarez1.m4a<\/a><\/audio>\n<p>.<\/p>\n<p>LUCAS VICINO &#8211; 2\u00ba Senior Pro<\/p>\n<audio class=\"wp-audio-shortcode\" id=\"audio-14753-8\" preload=\"none\" style=\"width: 100%;\" controls=\"controls\"><source type=\"audio\/mpeg\" src=\"http:\/\/curva1kart.com.ar\/noticias\/wp-content\/uploads\/2015\/05\/Vicinoo.m4a?_=8\" \/><a href=\"http:\/\/curva1kart.com.ar\/noticias\/wp-content\/uploads\/2015\/05\/Vicinoo.m4a\">http:\/\/curva1kart.com.ar\/noticias\/wp-content\/uploads\/2015\/05\/Vicinoo.m4a<\/a><\/audio>\n<p>.<\/p>\n<p>LUCAS RIVEROS &#8211; 3\u00ba Senior Pro<\/p>\n<audio class=\"wp-audio-shortcode\" id=\"audio-14753-9\" preload=\"none\" style=\"width: 100%;\" controls=\"controls\"><source type=\"audio\/mpeg\" src=\"http:\/\/curva1kart.com.ar\/noticias\/wp-content\/uploads\/2015\/05\/Riverooo.m4a?_=9\" \/><a href=\"http:\/\/curva1kart.com.ar\/noticias\/wp-content\/uploads\/2015\/05\/Riverooo.m4a\">http:\/\/curva1kart.com.ar\/noticias\/wp-content\/uploads\/2015\/05\/Riverooo.m4a<\/a><\/audio>\n<p>.<\/p>\n<p><img loading=\"lazy\" decoding=\"async\" class=\"aligncenter wp-image-52280 size-full\" src=\"http:\/\/curva1kart.com.ar\/noticias\/wp-content\/uploads\/2015\/05\/IMG_9808.jpg\" alt=\"IMG_9808\" width=\"620\" height=\"349\" \/><\/p>\n","protected":false},"excerpt":{"rendered":"<p>Pas\u00f3 la segunda fecha del Campeonato Mendocino de Karting y te dejamos las notas que<\/p>\n","protected":false},"author":1,"featured_media":14754,"comment_status":"open","ping_status":"closed","sticky":false,"template":"","format":"standard","meta":{"footnotes":""},"categories":[4],"tags":[],"class_list":["post-14753","post","type-post","status-publish","format-standard","has-post-thumbnail","hentry","category-karting"],"featured_image_urls":{"full":["https:\/\/curva1.com.ar\/wp-content\/uploads\/2015\/05\/IMG_9876.jpg",720,405,false],"thumbnail":["https:\/\/curva1.com.ar\/wp-content\/uploads\/2015\/05\/IMG_9876-300x169.jpg",300,169,true],"medium":["https:\/\/curva1.com.ar\/wp-content\/uploads\/2015\/05\/IMG_9876-600x337.jpg",600,337,true],"medium_large":["https:\/\/curva1.com.ar\/wp-content\/uploads\/2015\/05\/IMG_9876.jpg",640,360,false],"large":["https:\/\/curva1.com.ar\/wp-content\/uploads\/2015\/05\/IMG_9876.jpg",640,360,false],"1536x1536":["https:\/\/curva1.com.ar\/wp-content\/uploads\/2015\/05\/IMG_9876.jpg",720,405,false],"2048x2048":["https:\/\/curva1.com.ar\/wp-content\/uploads\/2015\/05\/IMG_9876.jpg",720,405,false],"chromenews-featured":["https:\/\/curva1.com.ar\/wp-content\/uploads\/2015\/05\/IMG_9876.jpg",720,405,false],"chromenews-large":["https:\/\/curva1.com.ar\/wp-content\/uploads\/2015\/05\/IMG_9876.jpg",720,405,false],"chromenews-medium":["https:\/\/curva1.com.ar\/wp-content\/uploads\/2015\/05\/IMG_9876.jpg",590,332,false]},"author_info":{"display_name":"Jos\u00e9 Bravo","author_link":"https:\/\/curva1.com.ar\/?author=1"},"category_info":"<a href=\"https:\/\/curva1.com.ar\/?cat=4\" rel=\"category\">Karting Asfalto<\/a>","tag_info":"Karting Asfalto","comment_count":"0","_links":{"self":[{"href":"https:\/\/curva1.com.ar\/index.php?rest_route=\/wp\/v2\/posts\/14753","targetHints":{"allow":["GET"]}}],"collection":[{"href":"https:\/\/curva1.com.ar\/index.php?rest_route=\/wp\/v2\/posts"}],"about":[{"href":"https:\/\/curva1.com.ar\/index.php?rest_route=\/wp\/v2\/types\/post"}],"author":[{"embeddable":true,"href":"https:\/\/curva1.com.ar\/index.php?rest_route=\/wp\/v2\/users\/1"}],"replies":[{"embeddable":true,"href":"https:\/\/curva1.com.ar\/index.php?rest_route=%2Fwp%2Fv2%2Fcomments&post=14753"}],"version-history":[{"count":1,"href":"https:\/\/curva1.com.ar\/index.php?rest_route=\/wp\/v2\/posts\/14753\/revisions"}],"predecessor-version":[{"id":14755,"href":"https:\/\/curva1.com.ar\/index.php?rest_route=\/wp\/v2\/posts\/14753\/revisions\/14755"}],"wp:featuredmedia":[{"embeddable":true,"href":"https:\/\/curva1.com.ar\/index.php?rest_route=\/wp\/v2\/media\/14754"}],"wp:attachment":[{"href":"https:\/\/curva1.com.ar\/index.php?rest_route=%2Fwp%2Fv2%2Fmedia&parent=14753"}],"wp:term":[{"taxonomy":"category","embeddable":true,"href":"https:\/\/curva1.com.ar\/index.php?rest_route=%2Fwp%2Fv2%2Fcategories&post=14753"},{"taxonomy":"post_tag","embeddable":true,"href":"https:\/\/curva1.com.ar\/index.php?rest_route=%2Fwp%2Fv2%2Ftags&post=14753"}],"curies":[{"name":"wp","href":"https:\/\/api.w.org\/{rel}","templated":true}]}}