{"id":14784,"date":"2015-05-21T02:00:45","date_gmt":"2015-05-21T05:00:45","guid":{"rendered":"http:\/\/www.curva1.com.ar\/?p=14784"},"modified":"2015-05-21T02:00:45","modified_gmt":"2015-05-21T05:00:45","slug":"danilo-gil-en-la-previa-de-la-carrera-del-zonal-cuyano-en-san-luis","status":"publish","type":"post","link":"https:\/\/curva1.com.ar\/?p=14784","title":{"rendered":"Danilo Gil en la previa de la carrera del Zonal Cuyano en San Lu\u00eds"},"content":{"rendered":"<p><img loading=\"lazy\" decoding=\"async\" class=\"aligncenter size-full wp-image-14841\" src=\"http:\/\/www.curva1.com.ar\/wp-content\/uploads\/2015\/05\/IMG_8011.jpg\" alt=\"IMG_8011\" width=\"720\" height=\"480\" srcset=\"https:\/\/curva1.com.ar\/wp-content\/uploads\/2015\/05\/IMG_8011.jpg 720w, https:\/\/curva1.com.ar\/wp-content\/uploads\/2015\/05\/IMG_8011-506x337.jpg 506w\" sizes=\"auto, (max-width: 720px) 100vw, 720px\" \/><\/p>\n<p>Danilo Gil se prepara para una nueva del zonal cuyano. Prob\u00f3 el s\u00e1bado pasado y dijo &#8220;hemos trabajado en el chasis pensando en la carrera de San Lu\u00eds. Estamos contentos porque vamos a estar alrededor de los 25 autos. El cambio del 147 al Uno ha sido grande&#8221;.<\/p>\n<p>LA PALABRA DE DANILO GIL<\/p>\n<audio class=\"wp-audio-shortcode\" id=\"audio-14784-1\" preload=\"none\" style=\"width: 100%;\" controls=\"controls\"><source type=\"audio\/mpeg\" src=\"http:\/\/www.curva1.com.ar\/wp-content\/uploads\/2015\/05\/Danili..gil_.m4a?_=1\" \/><a href=\"http:\/\/www.curva1.com.ar\/wp-content\/uploads\/2015\/05\/Danili..gil_.m4a\">http:\/\/www.curva1.com.ar\/wp-content\/uploads\/2015\/05\/Danili..gil_.m4a<\/a><\/audio>\n<p>.<\/p>\n","protected":false},"excerpt":{"rendered":"<p>Danilo Gil se prepara para una nueva del zonal cuyano. Prob\u00f3 el s\u00e1bado pasado y<\/p>\n","protected":false},"author":1,"featured_media":14841,"comment_status":"open","ping_status":"closed","sticky":false,"template":"","format":"standard","meta":{"footnotes":""},"categories":[1],"tags":[],"class_list":["post-14784","post","type-post","status-publish","format-standard","has-post-thumbnail","hentry","category-zonal-cuyano"],"featured_image_urls":{"full":["https:\/\/curva1.com.ar\/wp-content\/uploads\/2015\/05\/IMG_8011.jpg",720,480,false],"thumbnail":["https:\/\/curva1.com.ar\/wp-content\/uploads\/2015\/05\/IMG_8011-300x169.jpg",300,169,true],"medium":["https:\/\/curva1.com.ar\/wp-content\/uploads\/2015\/05\/IMG_8011-506x337.jpg",506,337,true],"medium_large":["https:\/\/curva1.com.ar\/wp-content\/uploads\/2015\/05\/IMG_8011.jpg",640,427,false],"large":["https:\/\/curva1.com.ar\/wp-content\/uploads\/2015\/05\/IMG_8011.jpg",640,427,false],"1536x1536":["https:\/\/curva1.com.ar\/wp-content\/uploads\/2015\/05\/IMG_8011.jpg",720,480,false],"2048x2048":["https:\/\/curva1.com.ar\/wp-content\/uploads\/2015\/05\/IMG_8011.jpg",720,480,false],"chromenews-featured":["https:\/\/curva1.com.ar\/wp-content\/uploads\/2015\/05\/IMG_8011.jpg",720,480,false],"chromenews-large":["https:\/\/curva1.com.ar\/wp-content\/uploads\/2015\/05\/IMG_8011.jpg",720,480,false],"chromenews-medium":["https:\/\/curva1.com.ar\/wp-content\/uploads\/2015\/05\/IMG_8011.jpg",590,393,false]},"author_info":{"display_name":"Jos\u00e9 Bravo","author_link":"https:\/\/curva1.com.ar\/?author=1"},"category_info":"<a href=\"https:\/\/curva1.com.ar\/?cat=1\" rel=\"category\">Zonal Cuyano<\/a>","tag_info":"Zonal Cuyano","comment_count":"0","_links":{"self":[{"href":"https:\/\/curva1.com.ar\/index.php?rest_route=\/wp\/v2\/posts\/14784","targetHints":{"allow":["GET"]}}],"collection":[{"href":"https:\/\/curva1.com.ar\/index.php?rest_route=\/wp\/v2\/posts"}],"about":[{"href":"https:\/\/curva1.com.ar\/index.php?rest_route=\/wp\/v2\/types\/post"}],"author":[{"embeddable":true,"href":"https:\/\/curva1.com.ar\/index.php?rest_route=\/wp\/v2\/users\/1"}],"replies":[{"embeddable":true,"href":"https:\/\/curva1.com.ar\/index.php?rest_route=%2Fwp%2Fv2%2Fcomments&post=14784"}],"version-history":[{"count":5,"href":"https:\/\/curva1.com.ar\/index.php?rest_route=\/wp\/v2\/posts\/14784\/revisions"}],"predecessor-version":[{"id":14843,"href":"https:\/\/curva1.com.ar\/index.php?rest_route=\/wp\/v2\/posts\/14784\/revisions\/14843"}],"wp:featuredmedia":[{"embeddable":true,"href":"https:\/\/curva1.com.ar\/index.php?rest_route=\/wp\/v2\/media\/14841"}],"wp:attachment":[{"href":"https:\/\/curva1.com.ar\/index.php?rest_route=%2Fwp%2Fv2%2Fmedia&parent=14784"}],"wp:term":[{"taxonomy":"category","embeddable":true,"href":"https:\/\/curva1.com.ar\/index.php?rest_route=%2Fwp%2Fv2%2Fcategories&post=14784"},{"taxonomy":"post_tag","embeddable":true,"href":"https:\/\/curva1.com.ar\/index.php?rest_route=%2Fwp%2Fv2%2Ftags&post=14784"}],"curies":[{"name":"wp","href":"https:\/\/api.w.org\/{rel}","templated":true}]}}