{"id":14820,"date":"2015-05-18T22:06:52","date_gmt":"2015-05-19T01:06:52","guid":{"rendered":"http:\/\/www.curva1.com.ar\/?p=14820"},"modified":"2015-05-18T22:42:58","modified_gmt":"2015-05-19T01:42:58","slug":"podios-mendocinos-en-el-inicio-del-karting-sanjuanino-en-santa-lucia","status":"publish","type":"post","link":"https:\/\/curva1.com.ar\/?p=14820","title":{"rendered":"Podios mendocinos en el inicio del karting sanjuanino en Santa Luc\u00eda"},"content":{"rendered":"<p><img loading=\"lazy\" decoding=\"async\" class=\"aligncenter size-full wp-image-14822\" src=\"http:\/\/www.curva1.com.ar\/wp-content\/uploads\/2015\/05\/11255460_707948289332196_4244767439437224281_n.jpg\" alt=\"11255460_707948289332196_4244767439437224281_n\" width=\"720\" height=\"405\" srcset=\"https:\/\/curva1.com.ar\/wp-content\/uploads\/2015\/05\/11255460_707948289332196_4244767439437224281_n.jpg 720w, https:\/\/curva1.com.ar\/wp-content\/uploads\/2015\/05\/11255460_707948289332196_4244767439437224281_n-300x169.jpg 300w, https:\/\/curva1.com.ar\/wp-content\/uploads\/2015\/05\/11255460_707948289332196_4244767439437224281_n-600x337.jpg 600w\" sizes=\"auto, (max-width: 720px) 100vw, 720px\" \/><\/p>\n<p>Ayer comenz\u00f3 el karting sanjuanino donde los \u00fanicos dos pilotos que corrieron hicieron podio.<\/p>\n<p>En la Monomarca Guerrero 110 cc corri\u00f3 Tob\u00edas P\u00e9rez que fue 5\u00ba en la serie y 3\u00ba en la final.<\/p>\n<p>En 125 cc Senior gan\u00f3 el sanjuanino Tom\u00e1s Bolzonella, con atenci\u00f3n del equipo de Armando Gualerzi y Juanjo L\u00f3pez, que tambi\u00e9n meti\u00f3 en el podio a Franco Bolzonella (3\u00ba). El segundo fue el sanmartiniano Federico Alvarez Storni.<\/p>\n<p><img loading=\"lazy\" decoding=\"async\" class=\"aligncenter size-full wp-image-14821\" src=\"http:\/\/www.curva1.com.ar\/wp-content\/uploads\/2015\/05\/11113875_707940405999651_671056474664622758_n.jpg\" alt=\"11113875_707940405999651_671056474664622758_n\" width=\"620\" height=\"349\" srcset=\"https:\/\/curva1.com.ar\/wp-content\/uploads\/2015\/05\/11113875_707940405999651_671056474664622758_n.jpg 620w, https:\/\/curva1.com.ar\/wp-content\/uploads\/2015\/05\/11113875_707940405999651_671056474664622758_n-300x169.jpg 300w, https:\/\/curva1.com.ar\/wp-content\/uploads\/2015\/05\/11113875_707940405999651_671056474664622758_n-600x337.jpg 600w\" sizes=\"auto, (max-width: 620px) 100vw, 620px\" \/><\/p>\n","protected":false},"excerpt":{"rendered":"<p>Ayer comenz\u00f3 el karting sanjuanino donde los \u00fanicos dos pilotos que corrieron hicieron podio. En<\/p>\n","protected":false},"author":1,"featured_media":14822,"comment_status":"open","ping_status":"closed","sticky":false,"template":"","format":"standard","meta":{"footnotes":""},"categories":[4],"tags":[],"class_list":["post-14820","post","type-post","status-publish","format-standard","has-post-thumbnail","hentry","category-karting"],"featured_image_urls":{"full":["https:\/\/curva1.com.ar\/wp-content\/uploads\/2015\/05\/11255460_707948289332196_4244767439437224281_n.jpg",720,405,false],"thumbnail":["https:\/\/curva1.com.ar\/wp-content\/uploads\/2015\/05\/11255460_707948289332196_4244767439437224281_n-300x169.jpg",300,169,true],"medium":["https:\/\/curva1.com.ar\/wp-content\/uploads\/2015\/05\/11255460_707948289332196_4244767439437224281_n-600x337.jpg",600,337,true],"medium_large":["https:\/\/curva1.com.ar\/wp-content\/uploads\/2015\/05\/11255460_707948289332196_4244767439437224281_n.jpg",640,360,false],"large":["https:\/\/curva1.com.ar\/wp-content\/uploads\/2015\/05\/11255460_707948289332196_4244767439437224281_n.jpg",640,360,false],"1536x1536":["https:\/\/curva1.com.ar\/wp-content\/uploads\/2015\/05\/11255460_707948289332196_4244767439437224281_n.jpg",720,405,false],"2048x2048":["https:\/\/curva1.com.ar\/wp-content\/uploads\/2015\/05\/11255460_707948289332196_4244767439437224281_n.jpg",720,405,false],"chromenews-featured":["https:\/\/curva1.com.ar\/wp-content\/uploads\/2015\/05\/11255460_707948289332196_4244767439437224281_n.jpg",720,405,false],"chromenews-large":["https:\/\/curva1.com.ar\/wp-content\/uploads\/2015\/05\/11255460_707948289332196_4244767439437224281_n.jpg",720,405,false],"chromenews-medium":["https:\/\/curva1.com.ar\/wp-content\/uploads\/2015\/05\/11255460_707948289332196_4244767439437224281_n.jpg",590,332,false]},"author_info":{"display_name":"Jos\u00e9 Bravo","author_link":"https:\/\/curva1.com.ar\/?author=1"},"category_info":"<a href=\"https:\/\/curva1.com.ar\/?cat=4\" rel=\"category\">Karting Asfalto<\/a>","tag_info":"Karting Asfalto","comment_count":"0","_links":{"self":[{"href":"https:\/\/curva1.com.ar\/index.php?rest_route=\/wp\/v2\/posts\/14820","targetHints":{"allow":["GET"]}}],"collection":[{"href":"https:\/\/curva1.com.ar\/index.php?rest_route=\/wp\/v2\/posts"}],"about":[{"href":"https:\/\/curva1.com.ar\/index.php?rest_route=\/wp\/v2\/types\/post"}],"author":[{"embeddable":true,"href":"https:\/\/curva1.com.ar\/index.php?rest_route=\/wp\/v2\/users\/1"}],"replies":[{"embeddable":true,"href":"https:\/\/curva1.com.ar\/index.php?rest_route=%2Fwp%2Fv2%2Fcomments&post=14820"}],"version-history":[{"count":1,"href":"https:\/\/curva1.com.ar\/index.php?rest_route=\/wp\/v2\/posts\/14820\/revisions"}],"predecessor-version":[{"id":14823,"href":"https:\/\/curva1.com.ar\/index.php?rest_route=\/wp\/v2\/posts\/14820\/revisions\/14823"}],"wp:featuredmedia":[{"embeddable":true,"href":"https:\/\/curva1.com.ar\/index.php?rest_route=\/wp\/v2\/media\/14822"}],"wp:attachment":[{"href":"https:\/\/curva1.com.ar\/index.php?rest_route=%2Fwp%2Fv2%2Fmedia&parent=14820"}],"wp:term":[{"taxonomy":"category","embeddable":true,"href":"https:\/\/curva1.com.ar\/index.php?rest_route=%2Fwp%2Fv2%2Fcategories&post=14820"},{"taxonomy":"post_tag","embeddable":true,"href":"https:\/\/curva1.com.ar\/index.php?rest_route=%2Fwp%2Fv2%2Ftags&post=14820"}],"curies":[{"name":"wp","href":"https:\/\/api.w.org\/{rel}","templated":true}]}}