{"id":14832,"date":"2015-05-22T13:43:40","date_gmt":"2015-05-22T16:43:40","guid":{"rendered":"http:\/\/www.curva1.com.ar\/?p=14832"},"modified":"2015-06-04T15:28:45","modified_gmt":"2015-06-04T18:28:45","slug":"jorge-vitar-voy-en-dos-categorias-del-zonal-pensando-el-debut-en-el-turismo-nacional","status":"publish","type":"post","link":"https:\/\/curva1.com.ar\/?p=14832","title":{"rendered":"Jorge Vitar &#8220;voy en dos categor\u00edas del Zonal, pensando  el debut en el TN&#8221;"},"content":{"rendered":"<p><img loading=\"lazy\" decoding=\"async\" class=\"aligncenter size-full wp-image-14853\" src=\"http:\/\/www.curva1.com.ar\/wp-content\/uploads\/2015\/05\/20150516_153405.jpg\" alt=\"20150516_153405\" width=\"720\" height=\"405\" srcset=\"https:\/\/curva1.com.ar\/wp-content\/uploads\/2015\/05\/20150516_153405.jpg 720w, https:\/\/curva1.com.ar\/wp-content\/uploads\/2015\/05\/20150516_153405-300x169.jpg 300w, https:\/\/curva1.com.ar\/wp-content\/uploads\/2015\/05\/20150516_153405-600x337.jpg 600w\" sizes=\"auto, (max-width: 720px) 100vw, 720px\" \/><\/p>\n<p>El piloto de Guaymall\u00e9n competir\u00e1 el fin de semana en San Luis en las categor\u00edas Clase 2 y Turismo Promocional 1.4.<\/p>\n<p>LA PALABRA DE JORGE VITAR<\/p>\n<audio class=\"wp-audio-shortcode\" id=\"audio-14832-1\" preload=\"none\" style=\"width: 100%;\" controls=\"controls\"><source type=\"audio\/mpeg\" src=\"http:\/\/www.curva1.com.ar\/wp-content\/uploads\/2015\/05\/Vitarjoegr.m4a?_=1\" \/><a href=\"http:\/\/www.curva1.com.ar\/wp-content\/uploads\/2015\/05\/Vitarjoegr.m4a\">http:\/\/www.curva1.com.ar\/wp-content\/uploads\/2015\/05\/Vitarjoegr.m4a<\/a><\/audio>\n<p>.<\/p>\n<p><img loading=\"lazy\" decoding=\"async\" class=\"aligncenter size-full wp-image-14854\" src=\"http:\/\/www.curva1.com.ar\/wp-content\/uploads\/2015\/05\/20150516_153455.jpg\" alt=\"20150516_153455\" width=\"720\" height=\"405\" srcset=\"https:\/\/curva1.com.ar\/wp-content\/uploads\/2015\/05\/20150516_153455.jpg 720w, https:\/\/curva1.com.ar\/wp-content\/uploads\/2015\/05\/20150516_153455-300x169.jpg 300w, https:\/\/curva1.com.ar\/wp-content\/uploads\/2015\/05\/20150516_153455-600x337.jpg 600w\" sizes=\"auto, (max-width: 720px) 100vw, 720px\" \/><\/p>\n","protected":false},"excerpt":{"rendered":"<p>El piloto de Guaymall\u00e9n competir\u00e1 el fin de semana en San Luis en las categor\u00edas<\/p>\n","protected":false},"author":1,"featured_media":14853,"comment_status":"open","ping_status":"closed","sticky":false,"template":"","format":"standard","meta":{"footnotes":""},"categories":[1],"tags":[],"class_list":["post-14832","post","type-post","status-publish","format-standard","has-post-thumbnail","hentry","category-zonal-cuyano"],"featured_image_urls":{"full":["https:\/\/curva1.com.ar\/wp-content\/uploads\/2015\/05\/20150516_153405.jpg",720,405,false],"thumbnail":["https:\/\/curva1.com.ar\/wp-content\/uploads\/2015\/05\/20150516_153405-300x169.jpg",300,169,true],"medium":["https:\/\/curva1.com.ar\/wp-content\/uploads\/2015\/05\/20150516_153405-600x337.jpg",600,337,true],"medium_large":["https:\/\/curva1.com.ar\/wp-content\/uploads\/2015\/05\/20150516_153405.jpg",640,360,false],"large":["https:\/\/curva1.com.ar\/wp-content\/uploads\/2015\/05\/20150516_153405.jpg",640,360,false],"1536x1536":["https:\/\/curva1.com.ar\/wp-content\/uploads\/2015\/05\/20150516_153405.jpg",720,405,false],"2048x2048":["https:\/\/curva1.com.ar\/wp-content\/uploads\/2015\/05\/20150516_153405.jpg",720,405,false],"chromenews-featured":["https:\/\/curva1.com.ar\/wp-content\/uploads\/2015\/05\/20150516_153405.jpg",720,405,false],"chromenews-large":["https:\/\/curva1.com.ar\/wp-content\/uploads\/2015\/05\/20150516_153405.jpg",720,405,false],"chromenews-medium":["https:\/\/curva1.com.ar\/wp-content\/uploads\/2015\/05\/20150516_153405.jpg",590,332,false]},"author_info":{"display_name":"Jos\u00e9 Bravo","author_link":"https:\/\/curva1.com.ar\/?author=1"},"category_info":"<a href=\"https:\/\/curva1.com.ar\/?cat=1\" rel=\"category\">Zonal Cuyano<\/a>","tag_info":"Zonal Cuyano","comment_count":"0","_links":{"self":[{"href":"https:\/\/curva1.com.ar\/index.php?rest_route=\/wp\/v2\/posts\/14832","targetHints":{"allow":["GET"]}}],"collection":[{"href":"https:\/\/curva1.com.ar\/index.php?rest_route=\/wp\/v2\/posts"}],"about":[{"href":"https:\/\/curva1.com.ar\/index.php?rest_route=\/wp\/v2\/types\/post"}],"author":[{"embeddable":true,"href":"https:\/\/curva1.com.ar\/index.php?rest_route=\/wp\/v2\/users\/1"}],"replies":[{"embeddable":true,"href":"https:\/\/curva1.com.ar\/index.php?rest_route=%2Fwp%2Fv2%2Fcomments&post=14832"}],"version-history":[{"count":7,"href":"https:\/\/curva1.com.ar\/index.php?rest_route=\/wp\/v2\/posts\/14832\/revisions"}],"predecessor-version":[{"id":14990,"href":"https:\/\/curva1.com.ar\/index.php?rest_route=\/wp\/v2\/posts\/14832\/revisions\/14990"}],"wp:featuredmedia":[{"embeddable":true,"href":"https:\/\/curva1.com.ar\/index.php?rest_route=\/wp\/v2\/media\/14853"}],"wp:attachment":[{"href":"https:\/\/curva1.com.ar\/index.php?rest_route=%2Fwp%2Fv2%2Fmedia&parent=14832"}],"wp:term":[{"taxonomy":"category","embeddable":true,"href":"https:\/\/curva1.com.ar\/index.php?rest_route=%2Fwp%2Fv2%2Fcategories&post=14832"},{"taxonomy":"post_tag","embeddable":true,"href":"https:\/\/curva1.com.ar\/index.php?rest_route=%2Fwp%2Fv2%2Ftags&post=14832"}],"curies":[{"name":"wp","href":"https:\/\/api.w.org\/{rel}","templated":true}]}}