{"id":14849,"date":"2015-05-21T12:24:55","date_gmt":"2015-05-21T15:24:55","guid":{"rendered":"http:\/\/www.curva1.com.ar\/?p=14849"},"modified":"2015-05-21T12:28:48","modified_gmt":"2015-05-21T15:28:48","slug":"emmanuel-peluche-caceres-debuta-en-el-zonal-cuyano","status":"publish","type":"post","link":"https:\/\/curva1.com.ar\/?p=14849","title":{"rendered":"Emmanuel &#8220;Peluche&#8221; C\u00e1ceres debuta en el Zonal Cuyano"},"content":{"rendered":"<p><img loading=\"lazy\" decoding=\"async\" class=\"aligncenter size-full wp-image-14850\" src=\"http:\/\/www.curva1.com.ar\/wp-content\/uploads\/2015\/05\/HC_153376.jpg\" alt=\"HC_153376\" width=\"720\" height=\"405\" srcset=\"https:\/\/curva1.com.ar\/wp-content\/uploads\/2015\/05\/HC_153376.jpg 720w, https:\/\/curva1.com.ar\/wp-content\/uploads\/2015\/05\/HC_153376-300x169.jpg 300w, https:\/\/curva1.com.ar\/wp-content\/uploads\/2015\/05\/HC_153376-600x337.jpg 600w\" sizes=\"auto, (max-width: 720px) 100vw, 720px\" \/><\/p>\n<p>El actual piloto de TC2000 confirm\u00f3 a Curva 1 que este fin de semana debuta en la Clase 2 del Zonal Cuyano de Automovilismo.<\/p>\n<p>La cita que se desarrollar\u00e1 en el Aut\u00f3dromo de San Lu\u00eds contar\u00e1 con la presencia de &#8220;Peluche&#8221; C\u00e1ceres que se subir\u00e1 al VW Gol propiedad de Crisp\u00edn D\u00edaz y con la atenci\u00f3n de Ricardo Fioquetti.<\/p>\n<p><strong>&#8220;Es una linda posibilidad de debutar en el Zonal y apoyar a nuestro automovilismo. Se ha definido en estos \u00faltimos d\u00edas y estoy agradecido por las gestiones de Abdo Girala y a Crisp\u00edn por la cesi\u00f3n de su auto&#8221;<\/strong> explic\u00f3 C\u00e1ceres<\/p>\n","protected":false},"excerpt":{"rendered":"<p>El actual piloto de TC2000 confirm\u00f3 a Curva 1 que este fin de semana debuta<\/p>\n","protected":false},"author":1,"featured_media":14850,"comment_status":"open","ping_status":"closed","sticky":false,"template":"","format":"standard","meta":{"footnotes":""},"categories":[1],"tags":[],"class_list":["post-14849","post","type-post","status-publish","format-standard","has-post-thumbnail","hentry","category-zonal-cuyano"],"featured_image_urls":{"full":["https:\/\/curva1.com.ar\/wp-content\/uploads\/2015\/05\/HC_153376.jpg",720,405,false],"thumbnail":["https:\/\/curva1.com.ar\/wp-content\/uploads\/2015\/05\/HC_153376-300x169.jpg",300,169,true],"medium":["https:\/\/curva1.com.ar\/wp-content\/uploads\/2015\/05\/HC_153376-600x337.jpg",600,337,true],"medium_large":["https:\/\/curva1.com.ar\/wp-content\/uploads\/2015\/05\/HC_153376.jpg",640,360,false],"large":["https:\/\/curva1.com.ar\/wp-content\/uploads\/2015\/05\/HC_153376.jpg",640,360,false],"1536x1536":["https:\/\/curva1.com.ar\/wp-content\/uploads\/2015\/05\/HC_153376.jpg",720,405,false],"2048x2048":["https:\/\/curva1.com.ar\/wp-content\/uploads\/2015\/05\/HC_153376.jpg",720,405,false],"chromenews-featured":["https:\/\/curva1.com.ar\/wp-content\/uploads\/2015\/05\/HC_153376.jpg",720,405,false],"chromenews-large":["https:\/\/curva1.com.ar\/wp-content\/uploads\/2015\/05\/HC_153376.jpg",720,405,false],"chromenews-medium":["https:\/\/curva1.com.ar\/wp-content\/uploads\/2015\/05\/HC_153376.jpg",590,332,false]},"author_info":{"display_name":"Jos\u00e9 Bravo","author_link":"https:\/\/curva1.com.ar\/?author=1"},"category_info":"<a href=\"https:\/\/curva1.com.ar\/?cat=1\" rel=\"category\">Zonal Cuyano<\/a>","tag_info":"Zonal Cuyano","comment_count":"0","_links":{"self":[{"href":"https:\/\/curva1.com.ar\/index.php?rest_route=\/wp\/v2\/posts\/14849","targetHints":{"allow":["GET"]}}],"collection":[{"href":"https:\/\/curva1.com.ar\/index.php?rest_route=\/wp\/v2\/posts"}],"about":[{"href":"https:\/\/curva1.com.ar\/index.php?rest_route=\/wp\/v2\/types\/post"}],"author":[{"embeddable":true,"href":"https:\/\/curva1.com.ar\/index.php?rest_route=\/wp\/v2\/users\/1"}],"replies":[{"embeddable":true,"href":"https:\/\/curva1.com.ar\/index.php?rest_route=%2Fwp%2Fv2%2Fcomments&post=14849"}],"version-history":[{"count":2,"href":"https:\/\/curva1.com.ar\/index.php?rest_route=\/wp\/v2\/posts\/14849\/revisions"}],"predecessor-version":[{"id":14852,"href":"https:\/\/curva1.com.ar\/index.php?rest_route=\/wp\/v2\/posts\/14849\/revisions\/14852"}],"wp:featuredmedia":[{"embeddable":true,"href":"https:\/\/curva1.com.ar\/index.php?rest_route=\/wp\/v2\/media\/14850"}],"wp:attachment":[{"href":"https:\/\/curva1.com.ar\/index.php?rest_route=%2Fwp%2Fv2%2Fmedia&parent=14849"}],"wp:term":[{"taxonomy":"category","embeddable":true,"href":"https:\/\/curva1.com.ar\/index.php?rest_route=%2Fwp%2Fv2%2Fcategories&post=14849"},{"taxonomy":"post_tag","embeddable":true,"href":"https:\/\/curva1.com.ar\/index.php?rest_route=%2Fwp%2Fv2%2Ftags&post=14849"}],"curies":[{"name":"wp","href":"https:\/\/api.w.org\/{rel}","templated":true}]}}