{"id":14876,"date":"2015-05-23T11:38:37","date_gmt":"2015-05-23T14:38:37","guid":{"rendered":"http:\/\/www.curva1.com.ar\/?p=14876"},"modified":"2015-05-23T11:38:37","modified_gmt":"2015-05-23T14:38:37","slug":"comenzo-la-3-fecha-del-zonal-cuyano-en-san-luis","status":"publish","type":"post","link":"https:\/\/curva1.com.ar\/?p=14876","title":{"rendered":"Comenz\u00f3 la 3\u00b0 fecha del Zonal Cuyano en San Luis"},"content":{"rendered":"<p><img loading=\"lazy\" decoding=\"async\" class=\"aligncenter size-full wp-image-14877\" src=\"http:\/\/www.curva1.com.ar\/wp-content\/uploads\/2015\/05\/FB_IMG_1432388950068.jpg\" alt=\"FB_IMG_1432388950068\" width=\"480\" height=\"360\" srcset=\"https:\/\/curva1.com.ar\/wp-content\/uploads\/2015\/05\/FB_IMG_1432388950068.jpg 480w, https:\/\/curva1.com.ar\/wp-content\/uploads\/2015\/05\/FB_IMG_1432388950068-449x337.jpg 449w\" sizes=\"auto, (max-width: 480px) 100vw, 480px\" \/><\/p>\n<p>Comenz\u00f3 la actividad oficial del Zonal Cuyano en el Aut\u00f3dromo de San Lu\u00eds.<\/p>\n<p>Por la ma\u00f1ana de hoy s\u00e1bado hay entrenamientos, al mediod\u00eda clasificaciones y desde las 15 horas series del TP 1.4 y Clase 2.<\/p>\n<p>SEGU\u00cd los tiempos desde aqu\u00ed:<a href=\"http:\/\/femadmza.com.ar\/2015\/Zonal\/Zonal03.htm\" target=\"_blank\"> http:\/\/femadmza.com.ar\/2015\/Zonal\/Zonal03.htm<\/a><\/p>\n","protected":false},"excerpt":{"rendered":"<p>Comenz\u00f3 la actividad oficial del Zonal Cuyano en el Aut\u00f3dromo de San Lu\u00eds. Por la<\/p>\n","protected":false},"author":1,"featured_media":14877,"comment_status":"open","ping_status":"closed","sticky":false,"template":"","format":"standard","meta":{"footnotes":""},"categories":[1],"tags":[],"class_list":["post-14876","post","type-post","status-publish","format-standard","has-post-thumbnail","hentry","category-zonal-cuyano"],"featured_image_urls":{"full":["https:\/\/curva1.com.ar\/wp-content\/uploads\/2015\/05\/FB_IMG_1432388950068.jpg",480,360,false],"thumbnail":["https:\/\/curva1.com.ar\/wp-content\/uploads\/2015\/05\/FB_IMG_1432388950068-300x169.jpg",300,169,true],"medium":["https:\/\/curva1.com.ar\/wp-content\/uploads\/2015\/05\/FB_IMG_1432388950068-449x337.jpg",449,337,true],"medium_large":["https:\/\/curva1.com.ar\/wp-content\/uploads\/2015\/05\/FB_IMG_1432388950068.jpg",480,360,false],"large":["https:\/\/curva1.com.ar\/wp-content\/uploads\/2015\/05\/FB_IMG_1432388950068.jpg",480,360,false],"1536x1536":["https:\/\/curva1.com.ar\/wp-content\/uploads\/2015\/05\/FB_IMG_1432388950068.jpg",480,360,false],"2048x2048":["https:\/\/curva1.com.ar\/wp-content\/uploads\/2015\/05\/FB_IMG_1432388950068.jpg",480,360,false],"chromenews-featured":["https:\/\/curva1.com.ar\/wp-content\/uploads\/2015\/05\/FB_IMG_1432388950068.jpg",480,360,false],"chromenews-large":["https:\/\/curva1.com.ar\/wp-content\/uploads\/2015\/05\/FB_IMG_1432388950068.jpg",480,360,false],"chromenews-medium":["https:\/\/curva1.com.ar\/wp-content\/uploads\/2015\/05\/FB_IMG_1432388950068.jpg",480,360,false]},"author_info":{"display_name":"Jos\u00e9 Bravo","author_link":"https:\/\/curva1.com.ar\/?author=1"},"category_info":"<a href=\"https:\/\/curva1.com.ar\/?cat=1\" rel=\"category\">Zonal Cuyano<\/a>","tag_info":"Zonal Cuyano","comment_count":"0","_links":{"self":[{"href":"https:\/\/curva1.com.ar\/index.php?rest_route=\/wp\/v2\/posts\/14876","targetHints":{"allow":["GET"]}}],"collection":[{"href":"https:\/\/curva1.com.ar\/index.php?rest_route=\/wp\/v2\/posts"}],"about":[{"href":"https:\/\/curva1.com.ar\/index.php?rest_route=\/wp\/v2\/types\/post"}],"author":[{"embeddable":true,"href":"https:\/\/curva1.com.ar\/index.php?rest_route=\/wp\/v2\/users\/1"}],"replies":[{"embeddable":true,"href":"https:\/\/curva1.com.ar\/index.php?rest_route=%2Fwp%2Fv2%2Fcomments&post=14876"}],"version-history":[{"count":1,"href":"https:\/\/curva1.com.ar\/index.php?rest_route=\/wp\/v2\/posts\/14876\/revisions"}],"predecessor-version":[{"id":14878,"href":"https:\/\/curva1.com.ar\/index.php?rest_route=\/wp\/v2\/posts\/14876\/revisions\/14878"}],"wp:featuredmedia":[{"embeddable":true,"href":"https:\/\/curva1.com.ar\/index.php?rest_route=\/wp\/v2\/media\/14877"}],"wp:attachment":[{"href":"https:\/\/curva1.com.ar\/index.php?rest_route=%2Fwp%2Fv2%2Fmedia&parent=14876"}],"wp:term":[{"taxonomy":"category","embeddable":true,"href":"https:\/\/curva1.com.ar\/index.php?rest_route=%2Fwp%2Fv2%2Fcategories&post=14876"},{"taxonomy":"post_tag","embeddable":true,"href":"https:\/\/curva1.com.ar\/index.php?rest_route=%2Fwp%2Fv2%2Ftags&post=14876"}],"curies":[{"name":"wp","href":"https:\/\/api.w.org\/{rel}","templated":true}]}}