{"id":1492,"date":"2012-10-10T16:01:14","date_gmt":"2012-10-10T19:01:14","guid":{"rendered":"http:\/\/www.curva1.com.ar\/?p=1492"},"modified":"2012-10-10T16:37:31","modified_gmt":"2012-10-10T19:37:31","slug":"el-tc-junior-regresa-a-pista-en-la-primera-de-lo-play-off","status":"publish","type":"post","link":"https:\/\/curva1.com.ar\/?p=1492","title":{"rendered":"El TC J\u00fanior regresa a pista en la primera fecha de los play off"},"content":{"rendered":"<p><img loading=\"lazy\" decoding=\"async\" class=\"aligncenter size-full wp-image-1493\" title=\"P171d0954\" src=\"http:\/\/www.curva1.com.ar\/wp-content\/uploads\/2012\/10\/P171d0954.jpg\" alt=\"\" width=\"500\" height=\"281\" srcset=\"https:\/\/curva1.com.ar\/wp-content\/uploads\/2012\/10\/P171d0954.jpg 500w, https:\/\/curva1.com.ar\/wp-content\/uploads\/2012\/10\/P171d0954-300x168.jpg 300w\" sizes=\"auto, (max-width: 500px) 100vw, 500px\" \/><\/p>\n<p>El fin de semana se disputar\u00e1 en el aut\u00f3dromo de San Mart\u00edn la 8\u00ba fecha del campeonato y la 1\u00ba de los PLAY OFF, que dir\u00e1n en tres fechas quien ser\u00e1 el campe\u00f3n 2012.<\/p>\n<p>El TC J\u00fanior ya pag\u00f3 su fecha de suspensi\u00f3n por falta de inscriptos y los pilotos est\u00e1n trabajando para el regreso de la divisional al asfalto.<\/p>\n<p>Se espera contar con 11 o 12 autos, entre los que se destaca la presencia de Sof\u00eda Bustos, hija del actual campe\u00f3n y que debutar\u00e1 en la divisional.<\/p>\n","protected":false},"excerpt":{"rendered":"<p>El fin de semana se disputar\u00e1 en el aut\u00f3dromo de San Mart\u00edn la 8\u00ba fecha<\/p>\n","protected":false},"author":1,"featured_media":1493,"comment_status":"open","ping_status":"closed","sticky":false,"template":"","format":"standard","meta":{"footnotes":""},"categories":[1],"tags":[],"class_list":["post-1492","post","type-post","status-publish","format-standard","has-post-thumbnail","hentry","category-zonal-cuyano"],"featured_image_urls":{"full":["https:\/\/curva1.com.ar\/wp-content\/uploads\/2012\/10\/P171d0954.jpg",500,281,false],"thumbnail":["https:\/\/curva1.com.ar\/wp-content\/uploads\/2012\/10\/P171d0954-150x150.jpg",150,150,true],"medium":["https:\/\/curva1.com.ar\/wp-content\/uploads\/2012\/10\/P171d0954-300x168.jpg",300,168,true],"medium_large":["https:\/\/curva1.com.ar\/wp-content\/uploads\/2012\/10\/P171d0954.jpg",500,281,false],"large":["https:\/\/curva1.com.ar\/wp-content\/uploads\/2012\/10\/P171d0954.jpg",500,281,false],"1536x1536":["https:\/\/curva1.com.ar\/wp-content\/uploads\/2012\/10\/P171d0954.jpg",500,281,false],"2048x2048":["https:\/\/curva1.com.ar\/wp-content\/uploads\/2012\/10\/P171d0954.jpg",500,281,false],"chromenews-featured":["https:\/\/curva1.com.ar\/wp-content\/uploads\/2012\/10\/P171d0954.jpg",500,281,false],"chromenews-large":["https:\/\/curva1.com.ar\/wp-content\/uploads\/2012\/10\/P171d0954.jpg",500,281,false],"chromenews-medium":["https:\/\/curva1.com.ar\/wp-content\/uploads\/2012\/10\/P171d0954.jpg",500,281,false]},"author_info":{"display_name":"Jos\u00e9 Bravo","author_link":"https:\/\/curva1.com.ar\/?author=1"},"category_info":"<a href=\"https:\/\/curva1.com.ar\/?cat=1\" rel=\"category\">Zonal Cuyano<\/a>","tag_info":"Zonal Cuyano","comment_count":"0","_links":{"self":[{"href":"https:\/\/curva1.com.ar\/index.php?rest_route=\/wp\/v2\/posts\/1492","targetHints":{"allow":["GET"]}}],"collection":[{"href":"https:\/\/curva1.com.ar\/index.php?rest_route=\/wp\/v2\/posts"}],"about":[{"href":"https:\/\/curva1.com.ar\/index.php?rest_route=\/wp\/v2\/types\/post"}],"author":[{"embeddable":true,"href":"https:\/\/curva1.com.ar\/index.php?rest_route=\/wp\/v2\/users\/1"}],"replies":[{"embeddable":true,"href":"https:\/\/curva1.com.ar\/index.php?rest_route=%2Fwp%2Fv2%2Fcomments&post=1492"}],"version-history":[{"count":2,"href":"https:\/\/curva1.com.ar\/index.php?rest_route=\/wp\/v2\/posts\/1492\/revisions"}],"predecessor-version":[{"id":1517,"href":"https:\/\/curva1.com.ar\/index.php?rest_route=\/wp\/v2\/posts\/1492\/revisions\/1517"}],"wp:featuredmedia":[{"embeddable":true,"href":"https:\/\/curva1.com.ar\/index.php?rest_route=\/wp\/v2\/media\/1493"}],"wp:attachment":[{"href":"https:\/\/curva1.com.ar\/index.php?rest_route=%2Fwp%2Fv2%2Fmedia&parent=1492"}],"wp:term":[{"taxonomy":"category","embeddable":true,"href":"https:\/\/curva1.com.ar\/index.php?rest_route=%2Fwp%2Fv2%2Fcategories&post=1492"},{"taxonomy":"post_tag","embeddable":true,"href":"https:\/\/curva1.com.ar\/index.php?rest_route=%2Fwp%2Fv2%2Ftags&post=1492"}],"curies":[{"name":"wp","href":"https:\/\/api.w.org\/{rel}","templated":true}]}}