{"id":14924,"date":"2015-05-28T18:38:46","date_gmt":"2015-05-28T21:38:46","guid":{"rendered":"http:\/\/www.curva1.com.ar\/?p=14924"},"modified":"2015-05-28T19:46:30","modified_gmt":"2015-05-28T22:46:30","slug":"se-confirmo-que-el-karting-sanjuanino-correra-en-el-kartodromo-de-san-martin","status":"publish","type":"post","link":"https:\/\/curva1.com.ar\/?p=14924","title":{"rendered":"El Karting Sanjuanino correr\u00e1 en el Kart\u00f3dromo de San Mart\u00edn"},"content":{"rendered":"<p><img loading=\"lazy\" decoding=\"async\" class=\"aligncenter size-full wp-image-14928\" src=\"http:\/\/www.curva1.com.ar\/wp-content\/uploads\/2015\/05\/IMG_9594.jpg\" alt=\"IMG_9594\" width=\"720\" height=\"405\" srcset=\"https:\/\/curva1.com.ar\/wp-content\/uploads\/2015\/05\/IMG_9594.jpg 720w, https:\/\/curva1.com.ar\/wp-content\/uploads\/2015\/05\/IMG_9594-300x169.jpg 300w, https:\/\/curva1.com.ar\/wp-content\/uploads\/2015\/05\/IMG_9594-600x337.jpg 600w\" sizes=\"auto, (max-width: 720px) 100vw, 720px\" \/><\/p>\n<p>En horas de ayer se confirm\u00f3 que el Campeonato Sanjuanino de Karting disputar\u00e1 su segunda fecha en la provincia de Mendoza.<\/p>\n<p><strong>\u201cHemos estado hablando con los dirigentes mendocinos y llegamos a un acuerdo para que nuestro karting corra su segunda fecha en el Kart\u00f3dromo de San Mart\u00edn el domingo 14 de Junio\u201d<\/strong><span class=\"Apple-converted-space\">\u00a0<\/span>explic\u00f3 Sergio Mart\u00edn a Curva 1 KART.<\/p>\n<p><strong>\u201cYo veo muy positivo esta medida, ya que entre ambos campeonatos podemos potenciarnos haciendo estas fechas en conjunto y obviamente esperamos la visita de una de las fechas del Mendocino en nuestro San Juan\u201d.<\/strong><\/p>\n<p><strong>\u201cEn Mendoza se va a correr la segunda fecha del karting sanjuanino. Comenzamos muy bien en la primera cita, apostando a una categor\u00eda 110 cc con motores que sorteamos en la organizaci\u00f3n. Cada piloto solo lleva su kart e indumentaria y recibe el motor antes de comenzar la actividad. Tuvimos 16 pilotos en el inicio y tenemos varios que se suman para las pr\u00f3ximas fechas\u201d.<\/strong><\/p>\n<p><strong>\u201cTambi\u00e9n queremos hacer resurgir una categor\u00eda Promocional con bajos costos. Por el momento vamos a reunir en Mendoza a chicos que tengan Stihl tanto de all\u00e1 como de ac\u00e1 de San Juan. Vamos a analizar que motores usar en el futuro pr\u00f3ximo y tratar de unir reglamentos para que los que deseen puedan correr en ambos campeonatos\u201d<\/strong><span class=\"Apple-converted-space\">\u00a0<\/span>finaliz\u00f3\u00a0Sergio Mart\u00edn.<\/p>\n<p>Por San Juan estar\u00e1n las categor\u00edas:\u00a0<span class=\"text_exposed_show\">Promocional Sthil, la Vale Todo invitada de La Falda C\u00f3rdoba, la Monomarca 110 Guerrero Junior, Monomarca 110 Guerrero Senior y la 125 cc.<\/span><\/p>\n<p>Por Mendoza se presentar\u00e1n las divisionales: Promocional Sthil, Promocional Iame 60, 150 cc S\u00faper 4 Tiempos y 125 cc Senior Pro.<\/p>\n<p>El pr\u00f3ximo s\u00e1bado varios karts del \u201cMendocino\u201d estar\u00e1n probando en el circuito de San Mart\u00edn.<\/p>\n","protected":false},"excerpt":{"rendered":"<p>En horas de ayer se confirm\u00f3 que el Campeonato Sanjuanino de Karting disputar\u00e1 su segunda<\/p>\n","protected":false},"author":1,"featured_media":14928,"comment_status":"open","ping_status":"closed","sticky":false,"template":"","format":"standard","meta":{"footnotes":""},"categories":[4],"tags":[],"class_list":["post-14924","post","type-post","status-publish","format-standard","has-post-thumbnail","hentry","category-karting"],"featured_image_urls":{"full":["https:\/\/curva1.com.ar\/wp-content\/uploads\/2015\/05\/IMG_9594.jpg",720,405,false],"thumbnail":["https:\/\/curva1.com.ar\/wp-content\/uploads\/2015\/05\/IMG_9594-300x169.jpg",300,169,true],"medium":["https:\/\/curva1.com.ar\/wp-content\/uploads\/2015\/05\/IMG_9594-600x337.jpg",600,337,true],"medium_large":["https:\/\/curva1.com.ar\/wp-content\/uploads\/2015\/05\/IMG_9594.jpg",640,360,false],"large":["https:\/\/curva1.com.ar\/wp-content\/uploads\/2015\/05\/IMG_9594.jpg",640,360,false],"1536x1536":["https:\/\/curva1.com.ar\/wp-content\/uploads\/2015\/05\/IMG_9594.jpg",720,405,false],"2048x2048":["https:\/\/curva1.com.ar\/wp-content\/uploads\/2015\/05\/IMG_9594.jpg",720,405,false],"chromenews-featured":["https:\/\/curva1.com.ar\/wp-content\/uploads\/2015\/05\/IMG_9594.jpg",720,405,false],"chromenews-large":["https:\/\/curva1.com.ar\/wp-content\/uploads\/2015\/05\/IMG_9594.jpg",720,405,false],"chromenews-medium":["https:\/\/curva1.com.ar\/wp-content\/uploads\/2015\/05\/IMG_9594.jpg",590,332,false]},"author_info":{"display_name":"Jos\u00e9 Bravo","author_link":"https:\/\/curva1.com.ar\/?author=1"},"category_info":"<a href=\"https:\/\/curva1.com.ar\/?cat=4\" rel=\"category\">Karting Asfalto<\/a>","tag_info":"Karting Asfalto","comment_count":"0","_links":{"self":[{"href":"https:\/\/curva1.com.ar\/index.php?rest_route=\/wp\/v2\/posts\/14924","targetHints":{"allow":["GET"]}}],"collection":[{"href":"https:\/\/curva1.com.ar\/index.php?rest_route=\/wp\/v2\/posts"}],"about":[{"href":"https:\/\/curva1.com.ar\/index.php?rest_route=\/wp\/v2\/types\/post"}],"author":[{"embeddable":true,"href":"https:\/\/curva1.com.ar\/index.php?rest_route=\/wp\/v2\/users\/1"}],"replies":[{"embeddable":true,"href":"https:\/\/curva1.com.ar\/index.php?rest_route=%2Fwp%2Fv2%2Fcomments&post=14924"}],"version-history":[{"count":2,"href":"https:\/\/curva1.com.ar\/index.php?rest_route=\/wp\/v2\/posts\/14924\/revisions"}],"predecessor-version":[{"id":14932,"href":"https:\/\/curva1.com.ar\/index.php?rest_route=\/wp\/v2\/posts\/14924\/revisions\/14932"}],"wp:featuredmedia":[{"embeddable":true,"href":"https:\/\/curva1.com.ar\/index.php?rest_route=\/wp\/v2\/media\/14928"}],"wp:attachment":[{"href":"https:\/\/curva1.com.ar\/index.php?rest_route=%2Fwp%2Fv2%2Fmedia&parent=14924"}],"wp:term":[{"taxonomy":"category","embeddable":true,"href":"https:\/\/curva1.com.ar\/index.php?rest_route=%2Fwp%2Fv2%2Fcategories&post=14924"},{"taxonomy":"post_tag","embeddable":true,"href":"https:\/\/curva1.com.ar\/index.php?rest_route=%2Fwp%2Fv2%2Ftags&post=14924"}],"curies":[{"name":"wp","href":"https:\/\/api.w.org\/{rel}","templated":true}]}}