{"id":14933,"date":"2015-05-28T20:00:44","date_gmt":"2015-05-28T23:00:44","guid":{"rendered":"http:\/\/www.curva1.com.ar\/?p=14933"},"modified":"2015-05-29T15:29:23","modified_gmt":"2015-05-29T18:29:23","slug":"gustavo-santibanez-regresa-al-turismo-nacional-en-la-carrera-de-san-luis","status":"publish","type":"post","link":"https:\/\/curva1.com.ar\/?p=14933","title":{"rendered":"Gustavo Santib\u00e1\u00f1ez regresa al Turismo Nacional en San Lu\u00eds"},"content":{"rendered":"<p><img loading=\"lazy\" decoding=\"async\" class=\"aligncenter size-full wp-image-14934\" src=\"http:\/\/www.curva1.com.ar\/wp-content\/uploads\/2015\/05\/11258253_811978735597315_1628300504041593119_n.jpg\" alt=\"11258253_811978735597315_1628300504041593119_n\" width=\"720\" height=\"405\" srcset=\"https:\/\/curva1.com.ar\/wp-content\/uploads\/2015\/05\/11258253_811978735597315_1628300504041593119_n.jpg 720w, https:\/\/curva1.com.ar\/wp-content\/uploads\/2015\/05\/11258253_811978735597315_1628300504041593119_n-300x169.jpg 300w, https:\/\/curva1.com.ar\/wp-content\/uploads\/2015\/05\/11258253_811978735597315_1628300504041593119_n-600x337.jpg 600w\" sizes=\"auto, (max-width: 720px) 100vw, 720px\" \/><\/p>\n<p>El &#8220;Pelado&#8221; de San Mart\u00edn confirm\u00f3 su regreso a la categor\u00eda Clase 2 del TN, en la fecha que se disputar\u00e1 en la provincia de San Lu\u00eds el pr\u00f3ximo 14 de Junio.<\/p>\n<p>Santib\u00e1\u00f1ez hab\u00eda estado presente en la fecha del TN en San Mart\u00edn y ahora volver\u00e1 subirse al Renautl Clio de la competitiva divisional.<\/p>\n<p>Con esto, ser\u00e1n dos los mendocinos en la Clase 2 del Turismo Nacional, el regreso de Gustavo Santib\u00e1\u00f1ez y el debut del joven Jorge Vitar.<\/p>\n","protected":false},"excerpt":{"rendered":"<p>El &#8220;Pelado&#8221; de San Mart\u00edn confirm\u00f3 su regreso a la categor\u00eda Clase 2 del TN,<\/p>\n","protected":false},"author":1,"featured_media":14934,"comment_status":"open","ping_status":"closed","sticky":false,"template":"","format":"standard","meta":{"footnotes":""},"categories":[6],"tags":[],"class_list":["post-14933","post","type-post","status-publish","format-standard","has-post-thumbnail","hentry","category-nacionales"],"featured_image_urls":{"full":["https:\/\/curva1.com.ar\/wp-content\/uploads\/2015\/05\/11258253_811978735597315_1628300504041593119_n.jpg",720,405,false],"thumbnail":["https:\/\/curva1.com.ar\/wp-content\/uploads\/2015\/05\/11258253_811978735597315_1628300504041593119_n-300x169.jpg",300,169,true],"medium":["https:\/\/curva1.com.ar\/wp-content\/uploads\/2015\/05\/11258253_811978735597315_1628300504041593119_n-600x337.jpg",600,337,true],"medium_large":["https:\/\/curva1.com.ar\/wp-content\/uploads\/2015\/05\/11258253_811978735597315_1628300504041593119_n.jpg",640,360,false],"large":["https:\/\/curva1.com.ar\/wp-content\/uploads\/2015\/05\/11258253_811978735597315_1628300504041593119_n.jpg",640,360,false],"1536x1536":["https:\/\/curva1.com.ar\/wp-content\/uploads\/2015\/05\/11258253_811978735597315_1628300504041593119_n.jpg",720,405,false],"2048x2048":["https:\/\/curva1.com.ar\/wp-content\/uploads\/2015\/05\/11258253_811978735597315_1628300504041593119_n.jpg",720,405,false],"chromenews-featured":["https:\/\/curva1.com.ar\/wp-content\/uploads\/2015\/05\/11258253_811978735597315_1628300504041593119_n.jpg",720,405,false],"chromenews-large":["https:\/\/curva1.com.ar\/wp-content\/uploads\/2015\/05\/11258253_811978735597315_1628300504041593119_n.jpg",720,405,false],"chromenews-medium":["https:\/\/curva1.com.ar\/wp-content\/uploads\/2015\/05\/11258253_811978735597315_1628300504041593119_n.jpg",590,332,false]},"author_info":{"display_name":"Jos\u00e9 Bravo","author_link":"https:\/\/curva1.com.ar\/?author=1"},"category_info":"<a href=\"https:\/\/curva1.com.ar\/?cat=6\" rel=\"category\">Nacionales<\/a>","tag_info":"Nacionales","comment_count":"0","_links":{"self":[{"href":"https:\/\/curva1.com.ar\/index.php?rest_route=\/wp\/v2\/posts\/14933","targetHints":{"allow":["GET"]}}],"collection":[{"href":"https:\/\/curva1.com.ar\/index.php?rest_route=\/wp\/v2\/posts"}],"about":[{"href":"https:\/\/curva1.com.ar\/index.php?rest_route=\/wp\/v2\/types\/post"}],"author":[{"embeddable":true,"href":"https:\/\/curva1.com.ar\/index.php?rest_route=\/wp\/v2\/users\/1"}],"replies":[{"embeddable":true,"href":"https:\/\/curva1.com.ar\/index.php?rest_route=%2Fwp%2Fv2%2Fcomments&post=14933"}],"version-history":[{"count":2,"href":"https:\/\/curva1.com.ar\/index.php?rest_route=\/wp\/v2\/posts\/14933\/revisions"}],"predecessor-version":[{"id":14950,"href":"https:\/\/curva1.com.ar\/index.php?rest_route=\/wp\/v2\/posts\/14933\/revisions\/14950"}],"wp:featuredmedia":[{"embeddable":true,"href":"https:\/\/curva1.com.ar\/index.php?rest_route=\/wp\/v2\/media\/14934"}],"wp:attachment":[{"href":"https:\/\/curva1.com.ar\/index.php?rest_route=%2Fwp%2Fv2%2Fmedia&parent=14933"}],"wp:term":[{"taxonomy":"category","embeddable":true,"href":"https:\/\/curva1.com.ar\/index.php?rest_route=%2Fwp%2Fv2%2Fcategories&post=14933"},{"taxonomy":"post_tag","embeddable":true,"href":"https:\/\/curva1.com.ar\/index.php?rest_route=%2Fwp%2Fv2%2Ftags&post=14933"}],"curies":[{"name":"wp","href":"https:\/\/api.w.org\/{rel}","templated":true}]}}