{"id":14944,"date":"2015-05-29T01:06:07","date_gmt":"2015-05-29T04:06:07","guid":{"rendered":"http:\/\/www.curva1.com.ar\/?p=14944"},"modified":"2015-05-29T01:09:52","modified_gmt":"2015-05-29T04:09:52","slug":"este-domingo-se-anunciaria-el-asfalto-del-autodromo-de-general-alvear","status":"publish","type":"post","link":"https:\/\/curva1.com.ar\/?p=14944","title":{"rendered":"Este domingo se anunciar\u00eda el asfalto del aut\u00f3dromo de General Alvear"},"content":{"rendered":"<p><img loading=\"lazy\" decoding=\"async\" class=\"aligncenter size-full wp-image-14945\" src=\"http:\/\/www.curva1.com.ar\/wp-content\/uploads\/2015\/05\/victorasfalto.jpg\" alt=\"victorasfalto\" width=\"720\" height=\"405\" srcset=\"https:\/\/curva1.com.ar\/wp-content\/uploads\/2015\/05\/victorasfalto.jpg 720w, https:\/\/curva1.com.ar\/wp-content\/uploads\/2015\/05\/victorasfalto-300x169.jpg 300w, https:\/\/curva1.com.ar\/wp-content\/uploads\/2015\/05\/victorasfalto-600x337.jpg 600w\" sizes=\"auto, (max-width: 720px) 100vw, 720px\" \/><\/p>\n<p>Si bien todav\u00eda nadie lo oficializa porque el anuncio se har\u00eda en el mismo aut\u00f3dromo v\u00edctor Garc\u00eda el 31 de mayo cuando se corra una doble jornada entre las Categor\u00edas Tradicionales y el Karting Tierrero el propio intendente municipal Juan Carlos De Paolo lo tir\u00f3 al pasar en la noche del mi\u00e9rcoles cuando present\u00f3 sus ejes de gobierno para su nueva candidatura a la intendencia.<\/p>\n<p>El proyecto municipal del asfaltado del V\u00edctor garc\u00eda se encuentra hace algunos a\u00f1os en DINAPREI (Direcci\u00f3n Nacional de Pre Inversiones) del Ministerio de Planificaci\u00f3n y lo pondr\u00edan nuevamente en el tapete.<\/p>\n<p>alveardiario.com<\/p>\n<p>&nbsp;<\/p>\n","protected":false},"excerpt":{"rendered":"<p>Si bien todav\u00eda nadie lo oficializa porque el anuncio se har\u00eda en el mismo aut\u00f3dromo<\/p>\n","protected":false},"author":1,"featured_media":14947,"comment_status":"open","ping_status":"closed","sticky":false,"template":"","format":"standard","meta":{"footnotes":""},"categories":[1],"tags":[],"class_list":["post-14944","post","type-post","status-publish","format-standard","has-post-thumbnail","hentry","category-zonal-cuyano"],"featured_image_urls":{"full":["https:\/\/curva1.com.ar\/wp-content\/uploads\/2015\/05\/1519491_286563011536001_4868941894186605228_o.jpg",720,405,false],"thumbnail":["https:\/\/curva1.com.ar\/wp-content\/uploads\/2015\/05\/1519491_286563011536001_4868941894186605228_o-300x169.jpg",300,169,true],"medium":["https:\/\/curva1.com.ar\/wp-content\/uploads\/2015\/05\/1519491_286563011536001_4868941894186605228_o-600x337.jpg",600,337,true],"medium_large":["https:\/\/curva1.com.ar\/wp-content\/uploads\/2015\/05\/1519491_286563011536001_4868941894186605228_o.jpg",640,360,false],"large":["https:\/\/curva1.com.ar\/wp-content\/uploads\/2015\/05\/1519491_286563011536001_4868941894186605228_o.jpg",640,360,false],"1536x1536":["https:\/\/curva1.com.ar\/wp-content\/uploads\/2015\/05\/1519491_286563011536001_4868941894186605228_o.jpg",720,405,false],"2048x2048":["https:\/\/curva1.com.ar\/wp-content\/uploads\/2015\/05\/1519491_286563011536001_4868941894186605228_o.jpg",720,405,false],"chromenews-featured":["https:\/\/curva1.com.ar\/wp-content\/uploads\/2015\/05\/1519491_286563011536001_4868941894186605228_o.jpg",720,405,false],"chromenews-large":["https:\/\/curva1.com.ar\/wp-content\/uploads\/2015\/05\/1519491_286563011536001_4868941894186605228_o.jpg",720,405,false],"chromenews-medium":["https:\/\/curva1.com.ar\/wp-content\/uploads\/2015\/05\/1519491_286563011536001_4868941894186605228_o.jpg",590,332,false]},"author_info":{"display_name":"Jos\u00e9 Bravo","author_link":"https:\/\/curva1.com.ar\/?author=1"},"category_info":"<a href=\"https:\/\/curva1.com.ar\/?cat=1\" rel=\"category\">Zonal Cuyano<\/a>","tag_info":"Zonal Cuyano","comment_count":"0","_links":{"self":[{"href":"https:\/\/curva1.com.ar\/index.php?rest_route=\/wp\/v2\/posts\/14944","targetHints":{"allow":["GET"]}}],"collection":[{"href":"https:\/\/curva1.com.ar\/index.php?rest_route=\/wp\/v2\/posts"}],"about":[{"href":"https:\/\/curva1.com.ar\/index.php?rest_route=\/wp\/v2\/types\/post"}],"author":[{"embeddable":true,"href":"https:\/\/curva1.com.ar\/index.php?rest_route=\/wp\/v2\/users\/1"}],"replies":[{"embeddable":true,"href":"https:\/\/curva1.com.ar\/index.php?rest_route=%2Fwp%2Fv2%2Fcomments&post=14944"}],"version-history":[{"count":1,"href":"https:\/\/curva1.com.ar\/index.php?rest_route=\/wp\/v2\/posts\/14944\/revisions"}],"predecessor-version":[{"id":14946,"href":"https:\/\/curva1.com.ar\/index.php?rest_route=\/wp\/v2\/posts\/14944\/revisions\/14946"}],"wp:featuredmedia":[{"embeddable":true,"href":"https:\/\/curva1.com.ar\/index.php?rest_route=\/wp\/v2\/media\/14947"}],"wp:attachment":[{"href":"https:\/\/curva1.com.ar\/index.php?rest_route=%2Fwp%2Fv2%2Fmedia&parent=14944"}],"wp:term":[{"taxonomy":"category","embeddable":true,"href":"https:\/\/curva1.com.ar\/index.php?rest_route=%2Fwp%2Fv2%2Fcategories&post=14944"},{"taxonomy":"post_tag","embeddable":true,"href":"https:\/\/curva1.com.ar\/index.php?rest_route=%2Fwp%2Fv2%2Ftags&post=14944"}],"curies":[{"name":"wp","href":"https:\/\/api.w.org\/{rel}","templated":true}]}}