{"id":14967,"date":"2015-05-31T18:44:41","date_gmt":"2015-05-31T21:44:41","guid":{"rendered":"http:\/\/www.curva1.com.ar\/?p=14967"},"modified":"2015-06-04T15:28:04","modified_gmt":"2015-06-04T18:28:04","slug":"matias-jalaf-fue-8o-y-volvio-a-los-primeros-planos-del-turismo-carretera","status":"publish","type":"post","link":"https:\/\/curva1.com.ar\/?p=14967","title":{"rendered":"Mat\u00edas Jalaf fue 8\u00ba y volvi\u00f3 a los primeros planos del TC"},"content":{"rendered":"<p><img loading=\"lazy\" decoding=\"async\" class=\"aligncenter size-full wp-image-14969\" src=\"http:\/\/www.curva1.com.ar\/wp-content\/uploads\/2015\/05\/11336818_10153340887959568_5960143381114307789_o.jpg\" alt=\"11336818_10153340887959568_5960143381114307789_o\" width=\"720\" height=\"405\" srcset=\"https:\/\/curva1.com.ar\/wp-content\/uploads\/2015\/05\/11336818_10153340887959568_5960143381114307789_o.jpg 720w, https:\/\/curva1.com.ar\/wp-content\/uploads\/2015\/05\/11336818_10153340887959568_5960143381114307789_o-300x169.jpg 300w, https:\/\/curva1.com.ar\/wp-content\/uploads\/2015\/05\/11336818_10153340887959568_5960143381114307789_o-600x337.jpg 600w\" sizes=\"auto, (max-width: 720px) 100vw, 720px\" \/><\/p>\n<p>Mat\u00edas Jalaf termin\u00f3 hoy en el 8\u00ba puesto en la final del Turismo Carretera corrida en el aut\u00f3dromo de Concepci\u00f3n del Uruguay, en la provincia de Entre R\u00edos, y confirm\u00f3 su regreso a los primeros planos con el Ford del equipo Catal\u00e1n Magni Motorsport. Buenos puntos para el mendocino y mejores expectativas para lo que viene en la &#8220;M\u00e1xima&#8221;.<\/p>\n<p>Luego de haber sido tercero en la serie, larg\u00f3 la final desde la quinta fi<span class=\"text_exposed_show\">la y se mantuvo d\u00e9cimo los primeros giros de competencia, intercambiando la posici\u00f3n con Mat\u00edas Rodr\u00edguez, Auto de Seguridad de por medio.<\/span><\/p>\n<div class=\"text_exposed_show\">\n<p>Cuid\u00f3 el auto y sobre el final de la carrera gan\u00f3 dos puestos al superar a Juan Pablo Gianini y al aprovechar el trompo de quien lideraba hasta el momento, Emiliano Spataro, quien termin\u00f3 detr\u00e1s suyo y le permiti\u00f3 ganar al compa\u00f1ero de equipo de Jalaf, el experimentado Juan Manuel &#8220;Pato&#8221; Silva, cerrando un gran domingo para el Catal\u00e1n Magni Motorsport.<\/p>\n<p>Mat\u00edas, que recibi\u00f3 la bandera a cuadros en el 8\u00ba puesto y volvi\u00f3 de una vez por todas a conseguir un gran resultado en el TC, coment\u00f3: &#8220;Estoy muy contento, feliz y agradecido a todo el equipo que hizo un gran trabajo y me entreg\u00f3 un auto para permitirme volver a ser protagonista. Funcionamos bien todo el fin de semana y lo concretamos en carrera, nos llevamos puntos importantes y sobre todo la tranquilidad para seguir trabajando de ac\u00e1 en m\u00e1s en busca de mucho m\u00e1s. Ten\u00eda resto e carrera y sobre el final, pero eleg\u00ed no arriesgar para terminar sumando mucho. Quiero agradecer otra vez a los sponsors y a todos los mendocinos que me apoyaron cuando las cosas no nos sal\u00edan y ahora empezamos a devolverles el esfuerzo&#8221;.<\/p>\n<p>La pr\u00f3xima fecha del Turismo Carretera, sexta de la temporada, se llevar\u00e1 a cabo en el aut\u00f3dromo de Posadas, en la provincia de Misiones, del 19 al 21 de Junio.<\/p>\n<p><img loading=\"lazy\" decoding=\"async\" class=\"aligncenter size-full wp-image-14971\" src=\"http:\/\/www.curva1.com.ar\/wp-content\/uploads\/2015\/05\/11270431_10153343450289568_6014228085580929794_o.jpg\" alt=\"11270431_10153343450289568_6014228085580929794_o\" width=\"720\" height=\"480\" srcset=\"https:\/\/curva1.com.ar\/wp-content\/uploads\/2015\/05\/11270431_10153343450289568_6014228085580929794_o.jpg 720w, https:\/\/curva1.com.ar\/wp-content\/uploads\/2015\/05\/11270431_10153343450289568_6014228085580929794_o-506x337.jpg 506w\" sizes=\"auto, (max-width: 720px) 100vw, 720px\" \/> <img loading=\"lazy\" decoding=\"async\" class=\"aligncenter size-full wp-image-14972\" src=\"http:\/\/www.curva1.com.ar\/wp-content\/uploads\/2015\/05\/11312580_10153343450169568_8290610634439332322_o.jpg\" alt=\"11312580_10153343450169568_8290610634439332322_o\" width=\"720\" height=\"480\" srcset=\"https:\/\/curva1.com.ar\/wp-content\/uploads\/2015\/05\/11312580_10153343450169568_8290610634439332322_o.jpg 720w, https:\/\/curva1.com.ar\/wp-content\/uploads\/2015\/05\/11312580_10153343450169568_8290610634439332322_o-506x337.jpg 506w\" sizes=\"auto, (max-width: 720px) 100vw, 720px\" \/><\/p>\n<\/div>\n","protected":false},"excerpt":{"rendered":"<p>Mat\u00edas Jalaf termin\u00f3 hoy en el 8\u00ba puesto en la final del Turismo Carretera corrida<\/p>\n","protected":false},"author":1,"featured_media":14969,"comment_status":"open","ping_status":"closed","sticky":false,"template":"","format":"standard","meta":{"footnotes":""},"categories":[6],"tags":[],"class_list":["post-14967","post","type-post","status-publish","format-standard","has-post-thumbnail","hentry","category-nacionales"],"featured_image_urls":{"full":["https:\/\/curva1.com.ar\/wp-content\/uploads\/2015\/05\/11336818_10153340887959568_5960143381114307789_o.jpg",720,405,false],"thumbnail":["https:\/\/curva1.com.ar\/wp-content\/uploads\/2015\/05\/11336818_10153340887959568_5960143381114307789_o-300x169.jpg",300,169,true],"medium":["https:\/\/curva1.com.ar\/wp-content\/uploads\/2015\/05\/11336818_10153340887959568_5960143381114307789_o-600x337.jpg",600,337,true],"medium_large":["https:\/\/curva1.com.ar\/wp-content\/uploads\/2015\/05\/11336818_10153340887959568_5960143381114307789_o.jpg",640,360,false],"large":["https:\/\/curva1.com.ar\/wp-content\/uploads\/2015\/05\/11336818_10153340887959568_5960143381114307789_o.jpg",640,360,false],"1536x1536":["https:\/\/curva1.com.ar\/wp-content\/uploads\/2015\/05\/11336818_10153340887959568_5960143381114307789_o.jpg",720,405,false],"2048x2048":["https:\/\/curva1.com.ar\/wp-content\/uploads\/2015\/05\/11336818_10153340887959568_5960143381114307789_o.jpg",720,405,false],"chromenews-featured":["https:\/\/curva1.com.ar\/wp-content\/uploads\/2015\/05\/11336818_10153340887959568_5960143381114307789_o.jpg",720,405,false],"chromenews-large":["https:\/\/curva1.com.ar\/wp-content\/uploads\/2015\/05\/11336818_10153340887959568_5960143381114307789_o.jpg",720,405,false],"chromenews-medium":["https:\/\/curva1.com.ar\/wp-content\/uploads\/2015\/05\/11336818_10153340887959568_5960143381114307789_o.jpg",590,332,false]},"author_info":{"display_name":"Jos\u00e9 Bravo","author_link":"https:\/\/curva1.com.ar\/?author=1"},"category_info":"<a href=\"https:\/\/curva1.com.ar\/?cat=6\" rel=\"category\">Nacionales<\/a>","tag_info":"Nacionales","comment_count":"0","_links":{"self":[{"href":"https:\/\/curva1.com.ar\/index.php?rest_route=\/wp\/v2\/posts\/14967","targetHints":{"allow":["GET"]}}],"collection":[{"href":"https:\/\/curva1.com.ar\/index.php?rest_route=\/wp\/v2\/posts"}],"about":[{"href":"https:\/\/curva1.com.ar\/index.php?rest_route=\/wp\/v2\/types\/post"}],"author":[{"embeddable":true,"href":"https:\/\/curva1.com.ar\/index.php?rest_route=\/wp\/v2\/users\/1"}],"replies":[{"embeddable":true,"href":"https:\/\/curva1.com.ar\/index.php?rest_route=%2Fwp%2Fv2%2Fcomments&post=14967"}],"version-history":[{"count":4,"href":"https:\/\/curva1.com.ar\/index.php?rest_route=\/wp\/v2\/posts\/14967\/revisions"}],"predecessor-version":[{"id":14988,"href":"https:\/\/curva1.com.ar\/index.php?rest_route=\/wp\/v2\/posts\/14967\/revisions\/14988"}],"wp:featuredmedia":[{"embeddable":true,"href":"https:\/\/curva1.com.ar\/index.php?rest_route=\/wp\/v2\/media\/14969"}],"wp:attachment":[{"href":"https:\/\/curva1.com.ar\/index.php?rest_route=%2Fwp%2Fv2%2Fmedia&parent=14967"}],"wp:term":[{"taxonomy":"category","embeddable":true,"href":"https:\/\/curva1.com.ar\/index.php?rest_route=%2Fwp%2Fv2%2Fcategories&post=14967"},{"taxonomy":"post_tag","embeddable":true,"href":"https:\/\/curva1.com.ar\/index.php?rest_route=%2Fwp%2Fv2%2Ftags&post=14967"}],"curies":[{"name":"wp","href":"https:\/\/api.w.org\/{rel}","templated":true}]}}