{"id":14984,"date":"2015-06-04T14:43:28","date_gmt":"2015-06-04T17:43:28","guid":{"rendered":"http:\/\/www.curva1.com.ar\/?p=14984"},"modified":"2015-06-04T14:54:01","modified_gmt":"2015-06-04T17:54:01","slug":"franco-genovese-prepara-su-debut-en-el-turismo-promocional-1-4","status":"publish","type":"post","link":"https:\/\/curva1.com.ar\/?p=14984","title":{"rendered":"Franco Genovese prepara su debut en el Turismo Promocional 1.4"},"content":{"rendered":"<p><img loading=\"lazy\" decoding=\"async\" class=\"aligncenter size-full wp-image-14985\" src=\"http:\/\/www.curva1.com.ar\/wp-content\/uploads\/2015\/06\/399260_3423813229335_1503174269_n.jpg\" alt=\"399260_3423813229335_1503174269_n\" width=\"720\" height=\"265\" srcset=\"https:\/\/curva1.com.ar\/wp-content\/uploads\/2015\/06\/399260_3423813229335_1503174269_n.jpg 720w, https:\/\/curva1.com.ar\/wp-content\/uploads\/2015\/06\/399260_3423813229335_1503174269_n-600x221.jpg 600w\" sizes=\"auto, (max-width: 720px) 100vw, 720px\" \/><\/p>\n<p>El piloto de Rivadavia confirm\u00f3 a Curva 1 que estar\u00e1 presente en el GP Vendimia, incorpor\u00e1ndose a la categor\u00eda Turismo Promocional 1.4.<\/p>\n<p><strong>&#8220;Si dios quiere volvemos para la misma fecha q fue mi ultima carrera. Ya est\u00e1 todo listo el auto terminado y solo haci\u00e9ndolo los \u00faltimos retoques que est\u00e1n a cargo del equipo de la familia Iruela. Por temas laborales no hemos podido probar, pero seguramente lo haremos la pr\u00f3xima semana&#8221;<\/strong> explic\u00f3 Franco Genovese, que tuvo su \u00faltimo paso por el Zonal Cuyano en el recordado TC J\u00fanior.<\/p>\n","protected":false},"excerpt":{"rendered":"<p>El piloto de Rivadavia confirm\u00f3 a Curva 1 que estar\u00e1 presente en el GP Vendimia,<\/p>\n","protected":false},"author":1,"featured_media":14987,"comment_status":"open","ping_status":"closed","sticky":false,"template":"","format":"standard","meta":{"footnotes":""},"categories":[1],"tags":[],"class_list":["post-14984","post","type-post","status-publish","format-standard","has-post-thumbnail","hentry","category-zonal-cuyano"],"featured_image_urls":{"full":["https:\/\/curva1.com.ar\/wp-content\/uploads\/2015\/06\/11038994_10203748804095831_3744496480663506071_n.jpg",720,405,false],"thumbnail":["https:\/\/curva1.com.ar\/wp-content\/uploads\/2015\/06\/11038994_10203748804095831_3744496480663506071_n-300x169.jpg",300,169,true],"medium":["https:\/\/curva1.com.ar\/wp-content\/uploads\/2015\/06\/11038994_10203748804095831_3744496480663506071_n-600x337.jpg",600,337,true],"medium_large":["https:\/\/curva1.com.ar\/wp-content\/uploads\/2015\/06\/11038994_10203748804095831_3744496480663506071_n.jpg",640,360,false],"large":["https:\/\/curva1.com.ar\/wp-content\/uploads\/2015\/06\/11038994_10203748804095831_3744496480663506071_n.jpg",640,360,false],"1536x1536":["https:\/\/curva1.com.ar\/wp-content\/uploads\/2015\/06\/11038994_10203748804095831_3744496480663506071_n.jpg",720,405,false],"2048x2048":["https:\/\/curva1.com.ar\/wp-content\/uploads\/2015\/06\/11038994_10203748804095831_3744496480663506071_n.jpg",720,405,false],"chromenews-featured":["https:\/\/curva1.com.ar\/wp-content\/uploads\/2015\/06\/11038994_10203748804095831_3744496480663506071_n.jpg",720,405,false],"chromenews-large":["https:\/\/curva1.com.ar\/wp-content\/uploads\/2015\/06\/11038994_10203748804095831_3744496480663506071_n.jpg",720,405,false],"chromenews-medium":["https:\/\/curva1.com.ar\/wp-content\/uploads\/2015\/06\/11038994_10203748804095831_3744496480663506071_n.jpg",590,332,false]},"author_info":{"display_name":"Jos\u00e9 Bravo","author_link":"https:\/\/curva1.com.ar\/?author=1"},"category_info":"<a href=\"https:\/\/curva1.com.ar\/?cat=1\" rel=\"category\">Zonal Cuyano<\/a>","tag_info":"Zonal Cuyano","comment_count":"0","_links":{"self":[{"href":"https:\/\/curva1.com.ar\/index.php?rest_route=\/wp\/v2\/posts\/14984","targetHints":{"allow":["GET"]}}],"collection":[{"href":"https:\/\/curva1.com.ar\/index.php?rest_route=\/wp\/v2\/posts"}],"about":[{"href":"https:\/\/curva1.com.ar\/index.php?rest_route=\/wp\/v2\/types\/post"}],"author":[{"embeddable":true,"href":"https:\/\/curva1.com.ar\/index.php?rest_route=\/wp\/v2\/users\/1"}],"replies":[{"embeddable":true,"href":"https:\/\/curva1.com.ar\/index.php?rest_route=%2Fwp%2Fv2%2Fcomments&post=14984"}],"version-history":[{"count":1,"href":"https:\/\/curva1.com.ar\/index.php?rest_route=\/wp\/v2\/posts\/14984\/revisions"}],"predecessor-version":[{"id":14986,"href":"https:\/\/curva1.com.ar\/index.php?rest_route=\/wp\/v2\/posts\/14984\/revisions\/14986"}],"wp:featuredmedia":[{"embeddable":true,"href":"https:\/\/curva1.com.ar\/index.php?rest_route=\/wp\/v2\/media\/14987"}],"wp:attachment":[{"href":"https:\/\/curva1.com.ar\/index.php?rest_route=%2Fwp%2Fv2%2Fmedia&parent=14984"}],"wp:term":[{"taxonomy":"category","embeddable":true,"href":"https:\/\/curva1.com.ar\/index.php?rest_route=%2Fwp%2Fv2%2Fcategories&post=14984"},{"taxonomy":"post_tag","embeddable":true,"href":"https:\/\/curva1.com.ar\/index.php?rest_route=%2Fwp%2Fv2%2Ftags&post=14984"}],"curies":[{"name":"wp","href":"https:\/\/api.w.org\/{rel}","templated":true}]}}