{"id":1519,"date":"2012-10-10T16:42:20","date_gmt":"2012-10-10T19:42:20","guid":{"rendered":"http:\/\/www.curva1.com.ar\/?p=1519"},"modified":"2012-10-10T16:43:42","modified_gmt":"2012-10-10T19:43:42","slug":"revista-curva-1-kart-arranco-octubre-sin-fronteras","status":"publish","type":"post","link":"https:\/\/curva1.com.ar\/?p=1519","title":{"rendered":"Revista Curva 1 KART arranc\u00f3 Octubre &#8220;sin fronteras&#8221;"},"content":{"rendered":"<figure id=\"attachment_1520\" aria-describedby=\"caption-attachment-1520\" style=\"width: 500px\" class=\"wp-caption aligncenter\"><img loading=\"lazy\" decoding=\"async\" class=\"size-full wp-image-1520\" title=\"DESCAd\" src=\"http:\/\/www.curva1.com.ar\/wp-content\/uploads\/2012\/10\/DESCAd.jpg\" alt=\"\" width=\"500\" height=\"281\" srcset=\"https:\/\/curva1.com.ar\/wp-content\/uploads\/2012\/10\/DESCAd.jpg 500w, https:\/\/curva1.com.ar\/wp-content\/uploads\/2012\/10\/DESCAd-300x168.jpg 300w\" sizes=\"auto, (max-width: 500px) 100vw, 500px\" \/><figcaption id=\"caption-attachment-1520\" class=\"wp-caption-text\"><span style=\"color: #0000ff;\">Revista Curva 1 KART estuvo presente en la World Cup CIK FIA 2012. Aqu\u00ed, el propietario del Circuito Internacional de Zuera (Espa\u00f1a) leyendo la edici\u00f3n de agosto.<\/span><\/figcaption><\/figure>\n<p><strong>Revista Curva 1 KART<\/strong> present\u00f3 en Mar del Plata la edici\u00f3n del mes de octubre, que cuenta con 32 p\u00e1ginas a todo color y una excelente calidad en fotos de todo el karting argentino, los zonales m\u00e1s importantes del pa\u00eds y una nota exclusiva con \u201cPechito\u201dL\u00f3pez, el piloto que se inici\u00f3 en el karting y hoy es uno de los grandes referentes del automovilismo nacional.<\/p>\n<p><strong>Revista Curva 1 KART<\/strong> se distribuy\u00f3 en los boxes de la 4\u00ba fecha del Campeonato Argentino, llegando a pilotos y equipos de m\u00e1s de 17 provincias de argentina, a Uruguay y Bolivia.<\/p>\n<p>Gracias a la gentileza del cordob\u00e9s Mat\u00edas Fern\u00e1ndez, <strong>Revista Curva 1 KART<\/strong> estar\u00e1 en la fecha del <span style=\"color: #0000ff;\">Campeonato Valenciano (<strong>Espa\u00f1a<\/strong>)<\/span> el pr\u00f3ximo fin de semana y en el <span style=\"color: #0000ff;\">Mundial Easykart 2012 (<strong>Italia<\/strong>)<\/span> dentro de dos semanas.<\/p>\n<p>Durante octubre y noviembre nuevamente estaremos llegando a distintas provincias de nuestro querido pa\u00eds, pero tambi\u00e9n estaremos presentes una vez m\u00e1s en el<span style=\"color: #0000ff;\"> karting de <strong>Chile<\/strong><\/span>, en el <span style=\"color: #0000ff;\">Sudamericano <strong>Uruguay<\/strong> 2012<\/span> y en el <span style=\"color: #0000ff;\">Panamericano Easykart <strong>Venezuela<\/strong> 2012<\/span>.<\/p>\n<p>Tambi\u00e9n estaremos en el homenaje del a\u00f1o, en el <span style=\"color: #0000ff;\"><strong>Gran Premio Ramiro Tot<\/strong><\/span> que reunir\u00e1 cientos de pilotos de todo Argentina y grandes personalidades del automovilismo nacional que ya han confirmado su presencia en el evento que se realizar\u00e1 en Baradero, Buenos Aires.<\/p>\n<p><span style=\"color: #ff0000;\"><strong>Cobertura y distribuci\u00f3n SIN FRONTERAS<\/strong><\/span><\/p>\n<p>Durante agosto y setiembre<strong> Revista Curva 1 KART<\/strong> transit\u00f3 por las rutas argentinas. Con nuestra presencia en la fecha del Campeonato Argentino en Buenos Aires llegamos a pilotos, equipos de competici\u00f3n y personas de m\u00e1s de 17 provincias<\/p>\n<p>Estuvimos en Mar del Plata por primera vez en el a\u00f1o y viajamos a Formosa, donde nos encontramos pilotos y p\u00fablico locales, de Corrientes, Chaco, Entre R\u00edos y Paraguay.<\/p>\n<p>Adem\u00e1s, vivimos la primera y segunda fecha del MZ KART, distribuyendo Curva 1 KART entre p\u00fablico de Mendoza, San Juan, La Rioja, Catamarca y C\u00f3rdoba.<\/p>\n<p>Env\u00edamos revistas al Campeonato Chileno de Karting y algunas de nuestro ejemplares estuvieron en\u00a0el <span style=\"color: #0000ff;\">Mundial de Karting en\u00a0Zuera (<strong>Espa\u00f1a<\/strong>)<\/span> en , gracias a Mateo Polakovich.<\/p>\n<p>Revista Curva 1 KART difunde el karting, sin fronteras.<\/p>\n<p><img loading=\"lazy\" decoding=\"async\" class=\"aligncenter size-full wp-image-1521\" title=\"552184_541882312495204_1069816267_n\" src=\"http:\/\/www.curva1.com.ar\/wp-content\/uploads\/2012\/10\/552184_541882312495204_1069816267_n.jpg\" alt=\"\" width=\"500\" height=\"375\" srcset=\"https:\/\/curva1.com.ar\/wp-content\/uploads\/2012\/10\/552184_541882312495204_1069816267_n.jpg 500w, https:\/\/curva1.com.ar\/wp-content\/uploads\/2012\/10\/552184_541882312495204_1069816267_n-300x225.jpg 300w, https:\/\/curva1.com.ar\/wp-content\/uploads\/2012\/10\/552184_541882312495204_1069816267_n-200x150.jpg 200w\" sizes=\"auto, (max-width: 500px) 100vw, 500px\" \/><\/p>\n","protected":false},"excerpt":{"rendered":"<p>Revista Curva 1 KART present\u00f3 en Mar del Plata la edici\u00f3n del mes de octubre,<\/p>\n","protected":false},"author":1,"featured_media":1520,"comment_status":"open","ping_status":"closed","sticky":false,"template":"","format":"standard","meta":{"footnotes":""},"categories":[4],"tags":[],"class_list":["post-1519","post","type-post","status-publish","format-standard","has-post-thumbnail","hentry","category-karting"],"featured_image_urls":{"full":["https:\/\/curva1.com.ar\/wp-content\/uploads\/2012\/10\/DESCAd.jpg",500,281,false],"thumbnail":["https:\/\/curva1.com.ar\/wp-content\/uploads\/2012\/10\/DESCAd-150x150.jpg",150,150,true],"medium":["https:\/\/curva1.com.ar\/wp-content\/uploads\/2012\/10\/DESCAd-300x168.jpg",300,168,true],"medium_large":["https:\/\/curva1.com.ar\/wp-content\/uploads\/2012\/10\/DESCAd.jpg",500,281,false],"large":["https:\/\/curva1.com.ar\/wp-content\/uploads\/2012\/10\/DESCAd.jpg",500,281,false],"1536x1536":["https:\/\/curva1.com.ar\/wp-content\/uploads\/2012\/10\/DESCAd.jpg",500,281,false],"2048x2048":["https:\/\/curva1.com.ar\/wp-content\/uploads\/2012\/10\/DESCAd.jpg",500,281,false],"chromenews-featured":["https:\/\/curva1.com.ar\/wp-content\/uploads\/2012\/10\/DESCAd.jpg",500,281,false],"chromenews-large":["https:\/\/curva1.com.ar\/wp-content\/uploads\/2012\/10\/DESCAd.jpg",500,281,false],"chromenews-medium":["https:\/\/curva1.com.ar\/wp-content\/uploads\/2012\/10\/DESCAd.jpg",500,281,false]},"author_info":{"display_name":"Jos\u00e9 Bravo","author_link":"https:\/\/curva1.com.ar\/?author=1"},"category_info":"<a href=\"https:\/\/curva1.com.ar\/?cat=4\" rel=\"category\">Karting Asfalto<\/a>","tag_info":"Karting Asfalto","comment_count":"0","_links":{"self":[{"href":"https:\/\/curva1.com.ar\/index.php?rest_route=\/wp\/v2\/posts\/1519","targetHints":{"allow":["GET"]}}],"collection":[{"href":"https:\/\/curva1.com.ar\/index.php?rest_route=\/wp\/v2\/posts"}],"about":[{"href":"https:\/\/curva1.com.ar\/index.php?rest_route=\/wp\/v2\/types\/post"}],"author":[{"embeddable":true,"href":"https:\/\/curva1.com.ar\/index.php?rest_route=\/wp\/v2\/users\/1"}],"replies":[{"embeddable":true,"href":"https:\/\/curva1.com.ar\/index.php?rest_route=%2Fwp%2Fv2%2Fcomments&post=1519"}],"version-history":[{"count":4,"href":"https:\/\/curva1.com.ar\/index.php?rest_route=\/wp\/v2\/posts\/1519\/revisions"}],"predecessor-version":[{"id":1525,"href":"https:\/\/curva1.com.ar\/index.php?rest_route=\/wp\/v2\/posts\/1519\/revisions\/1525"}],"wp:featuredmedia":[{"embeddable":true,"href":"https:\/\/curva1.com.ar\/index.php?rest_route=\/wp\/v2\/media\/1520"}],"wp:attachment":[{"href":"https:\/\/curva1.com.ar\/index.php?rest_route=%2Fwp%2Fv2%2Fmedia&parent=1519"}],"wp:term":[{"taxonomy":"category","embeddable":true,"href":"https:\/\/curva1.com.ar\/index.php?rest_route=%2Fwp%2Fv2%2Fcategories&post=1519"},{"taxonomy":"post_tag","embeddable":true,"href":"https:\/\/curva1.com.ar\/index.php?rest_route=%2Fwp%2Fv2%2Ftags&post=1519"}],"curies":[{"name":"wp","href":"https:\/\/api.w.org\/{rel}","templated":true}]}}