{"id":15226,"date":"2015-06-19T14:51:07","date_gmt":"2015-06-19T17:51:07","guid":{"rendered":"http:\/\/www.curva1.com.ar\/?p=15226"},"modified":"2015-06-19T14:51:59","modified_gmt":"2015-06-19T17:51:59","slug":"gianluca-vega-regresa-al-turismo-promocional-1-4-en-el-vendimia","status":"publish","type":"post","link":"https:\/\/curva1.com.ar\/?p=15226","title":{"rendered":"Gianluca Vega regresa al Turismo Promocional 1.4 en el Vendimia"},"content":{"rendered":"<p><img loading=\"lazy\" decoding=\"async\" class=\"aligncenter size-full wp-image-15227\" src=\"http:\/\/www.curva1.com.ar\/wp-content\/uploads\/2015\/06\/IMG_8039.jpg\" alt=\"IMG_8039\" width=\"720\" height=\"405\" srcset=\"https:\/\/curva1.com.ar\/wp-content\/uploads\/2015\/06\/IMG_8039.jpg 720w, https:\/\/curva1.com.ar\/wp-content\/uploads\/2015\/06\/IMG_8039-300x169.jpg 300w, https:\/\/curva1.com.ar\/wp-content\/uploads\/2015\/06\/IMG_8039-600x337.jpg 600w\" sizes=\"auto, (max-width: 720px) 100vw, 720px\" \/><\/p>\n<p>El piloto mendocino estar\u00e1 presente en el GP Vendimia del Zonal Cuyano que se realizar\u00e1 el pr\u00f3ximo 27 y 28 de Junio en San Mart\u00edn.<\/p>\n<p>Gianluca Vega se reincorporar\u00e1 al Turismo Promocional 1.4 luego de una suspensi\u00f3n. Con Vega m\u00e1s algunos debutantes, la &#8220;1.4&#8221; espera superar las 20 m\u00e1quinas.<\/p>\n","protected":false},"excerpt":{"rendered":"<p>El piloto mendocino estar\u00e1 presente en el GP Vendimia del Zonal Cuyano que se realizar\u00e1<\/p>\n","protected":false},"author":1,"featured_media":15227,"comment_status":"open","ping_status":"closed","sticky":false,"template":"","format":"standard","meta":{"footnotes":""},"categories":[1],"tags":[],"class_list":["post-15226","post","type-post","status-publish","format-standard","has-post-thumbnail","hentry","category-zonal-cuyano"],"featured_image_urls":{"full":["https:\/\/curva1.com.ar\/wp-content\/uploads\/2015\/06\/IMG_8039.jpg",720,405,false],"thumbnail":["https:\/\/curva1.com.ar\/wp-content\/uploads\/2015\/06\/IMG_8039-300x169.jpg",300,169,true],"medium":["https:\/\/curva1.com.ar\/wp-content\/uploads\/2015\/06\/IMG_8039-600x337.jpg",600,337,true],"medium_large":["https:\/\/curva1.com.ar\/wp-content\/uploads\/2015\/06\/IMG_8039.jpg",640,360,false],"large":["https:\/\/curva1.com.ar\/wp-content\/uploads\/2015\/06\/IMG_8039.jpg",640,360,false],"1536x1536":["https:\/\/curva1.com.ar\/wp-content\/uploads\/2015\/06\/IMG_8039.jpg",720,405,false],"2048x2048":["https:\/\/curva1.com.ar\/wp-content\/uploads\/2015\/06\/IMG_8039.jpg",720,405,false],"chromenews-featured":["https:\/\/curva1.com.ar\/wp-content\/uploads\/2015\/06\/IMG_8039.jpg",720,405,false],"chromenews-large":["https:\/\/curva1.com.ar\/wp-content\/uploads\/2015\/06\/IMG_8039.jpg",720,405,false],"chromenews-medium":["https:\/\/curva1.com.ar\/wp-content\/uploads\/2015\/06\/IMG_8039.jpg",590,332,false]},"author_info":{"display_name":"Jos\u00e9 Bravo","author_link":"https:\/\/curva1.com.ar\/?author=1"},"category_info":"<a href=\"https:\/\/curva1.com.ar\/?cat=1\" rel=\"category\">Zonal Cuyano<\/a>","tag_info":"Zonal Cuyano","comment_count":"0","_links":{"self":[{"href":"https:\/\/curva1.com.ar\/index.php?rest_route=\/wp\/v2\/posts\/15226","targetHints":{"allow":["GET"]}}],"collection":[{"href":"https:\/\/curva1.com.ar\/index.php?rest_route=\/wp\/v2\/posts"}],"about":[{"href":"https:\/\/curva1.com.ar\/index.php?rest_route=\/wp\/v2\/types\/post"}],"author":[{"embeddable":true,"href":"https:\/\/curva1.com.ar\/index.php?rest_route=\/wp\/v2\/users\/1"}],"replies":[{"embeddable":true,"href":"https:\/\/curva1.com.ar\/index.php?rest_route=%2Fwp%2Fv2%2Fcomments&post=15226"}],"version-history":[{"count":2,"href":"https:\/\/curva1.com.ar\/index.php?rest_route=\/wp\/v2\/posts\/15226\/revisions"}],"predecessor-version":[{"id":15229,"href":"https:\/\/curva1.com.ar\/index.php?rest_route=\/wp\/v2\/posts\/15226\/revisions\/15229"}],"wp:featuredmedia":[{"embeddable":true,"href":"https:\/\/curva1.com.ar\/index.php?rest_route=\/wp\/v2\/media\/15227"}],"wp:attachment":[{"href":"https:\/\/curva1.com.ar\/index.php?rest_route=%2Fwp%2Fv2%2Fmedia&parent=15226"}],"wp:term":[{"taxonomy":"category","embeddable":true,"href":"https:\/\/curva1.com.ar\/index.php?rest_route=%2Fwp%2Fv2%2Fcategories&post=15226"},{"taxonomy":"post_tag","embeddable":true,"href":"https:\/\/curva1.com.ar\/index.php?rest_route=%2Fwp%2Fv2%2Ftags&post=15226"}],"curies":[{"name":"wp","href":"https:\/\/api.w.org\/{rel}","templated":true}]}}