{"id":15284,"date":"2015-06-23T01:07:34","date_gmt":"2015-06-23T04:07:34","guid":{"rendered":"http:\/\/www.curva1.com.ar\/?p=15284"},"modified":"2015-06-23T01:12:44","modified_gmt":"2015-06-23T04:12:44","slug":"nicolas-paris-debuta-el-finde-en-la-clase-2-del-zonal-cuyano","status":"publish","type":"post","link":"https:\/\/curva1.com.ar\/?p=15284","title":{"rendered":"Nicol\u00e1s Par\u00eds debuta el finde en la Clase 2 del Zonal Cuyano"},"content":{"rendered":"<p><img loading=\"lazy\" decoding=\"async\" class=\"aligncenter size-full wp-image-15285\" src=\"http:\/\/www.curva1.com.ar\/wp-content\/uploads\/2015\/06\/IMG_7994.jpg\" alt=\"IMG_7994\" width=\"720\" height=\"405\" srcset=\"https:\/\/curva1.com.ar\/wp-content\/uploads\/2015\/06\/IMG_7994.jpg 720w, https:\/\/curva1.com.ar\/wp-content\/uploads\/2015\/06\/IMG_7994-300x169.jpg 300w, https:\/\/curva1.com.ar\/wp-content\/uploads\/2015\/06\/IMG_7994-600x337.jpg 600w\" sizes=\"auto, (max-width: 720px) 100vw, 720px\" \/><\/p>\n<p>El m\u00faltiple campe\u00f3n del\u00a0 karting cuyano, Nicol\u00e1s Par\u00eds, confirm\u00f3 a Curva 1 que debutar\u00e1 oficialmente en la Clase 2 en el Gran Premio Vendimia.<\/p>\n<p><strong>&#8220;Vamos a estar manejando el auto del viejo, ya que est\u00e1 de vacaciones y no llega para esta fecha. Ser\u00e1 mi debut, ya que el a\u00f1o pasado cuando corr\u00ed lo hizo como invitado de mi pap\u00e1 en San Mart\u00edn&#8221;<\/strong> explic\u00f3 Par\u00eds.<\/p>\n<p><strong>&#8220;Estamos muy entusiasmados con el Vendimia. El auto estar\u00e1 a cargo de Guillermo Quiroga&#8221;<\/strong> dijo Nicol\u00e1s que hace dos semanas estuvo acompa\u00f1ando en el Turismo Nacional al tucumano Lucas Mohamed, que adem\u00e1s a dando consejos \u00fatiles para aplicarlos al zonal.<\/p>\n<p><img loading=\"lazy\" decoding=\"async\" class=\"aligncenter size-full wp-image-15288\" src=\"http:\/\/www.curva1.com.ar\/wp-content\/uploads\/2015\/06\/11390264_10206927062039813_229942649389286715_n.jpg\" alt=\"11390264_10206927062039813_229942649389286715_n\" width=\"720\" height=\"405\" srcset=\"https:\/\/curva1.com.ar\/wp-content\/uploads\/2015\/06\/11390264_10206927062039813_229942649389286715_n.jpg 720w, https:\/\/curva1.com.ar\/wp-content\/uploads\/2015\/06\/11390264_10206927062039813_229942649389286715_n-300x169.jpg 300w, https:\/\/curva1.com.ar\/wp-content\/uploads\/2015\/06\/11390264_10206927062039813_229942649389286715_n-600x337.jpg 600w\" sizes=\"auto, (max-width: 720px) 100vw, 720px\" \/><\/p>\n","protected":false},"excerpt":{"rendered":"<p>El m\u00faltiple campe\u00f3n del\u00a0 karting cuyano, Nicol\u00e1s Par\u00eds, confirm\u00f3 a Curva 1 que debutar\u00e1 oficialmente<\/p>\n","protected":false},"author":1,"featured_media":15285,"comment_status":"open","ping_status":"closed","sticky":false,"template":"","format":"standard","meta":{"footnotes":""},"categories":[1],"tags":[],"class_list":["post-15284","post","type-post","status-publish","format-standard","has-post-thumbnail","hentry","category-zonal-cuyano"],"featured_image_urls":{"full":["https:\/\/curva1.com.ar\/wp-content\/uploads\/2015\/06\/IMG_7994.jpg",720,405,false],"thumbnail":["https:\/\/curva1.com.ar\/wp-content\/uploads\/2015\/06\/IMG_7994-300x169.jpg",300,169,true],"medium":["https:\/\/curva1.com.ar\/wp-content\/uploads\/2015\/06\/IMG_7994-600x337.jpg",600,337,true],"medium_large":["https:\/\/curva1.com.ar\/wp-content\/uploads\/2015\/06\/IMG_7994.jpg",640,360,false],"large":["https:\/\/curva1.com.ar\/wp-content\/uploads\/2015\/06\/IMG_7994.jpg",640,360,false],"1536x1536":["https:\/\/curva1.com.ar\/wp-content\/uploads\/2015\/06\/IMG_7994.jpg",720,405,false],"2048x2048":["https:\/\/curva1.com.ar\/wp-content\/uploads\/2015\/06\/IMG_7994.jpg",720,405,false],"chromenews-featured":["https:\/\/curva1.com.ar\/wp-content\/uploads\/2015\/06\/IMG_7994.jpg",720,405,false],"chromenews-large":["https:\/\/curva1.com.ar\/wp-content\/uploads\/2015\/06\/IMG_7994.jpg",720,405,false],"chromenews-medium":["https:\/\/curva1.com.ar\/wp-content\/uploads\/2015\/06\/IMG_7994.jpg",590,332,false]},"author_info":{"display_name":"Jos\u00e9 Bravo","author_link":"https:\/\/curva1.com.ar\/?author=1"},"category_info":"<a href=\"https:\/\/curva1.com.ar\/?cat=1\" rel=\"category\">Zonal Cuyano<\/a>","tag_info":"Zonal Cuyano","comment_count":"0","_links":{"self":[{"href":"https:\/\/curva1.com.ar\/index.php?rest_route=\/wp\/v2\/posts\/15284","targetHints":{"allow":["GET"]}}],"collection":[{"href":"https:\/\/curva1.com.ar\/index.php?rest_route=\/wp\/v2\/posts"}],"about":[{"href":"https:\/\/curva1.com.ar\/index.php?rest_route=\/wp\/v2\/types\/post"}],"author":[{"embeddable":true,"href":"https:\/\/curva1.com.ar\/index.php?rest_route=\/wp\/v2\/users\/1"}],"replies":[{"embeddable":true,"href":"https:\/\/curva1.com.ar\/index.php?rest_route=%2Fwp%2Fv2%2Fcomments&post=15284"}],"version-history":[{"count":3,"href":"https:\/\/curva1.com.ar\/index.php?rest_route=\/wp\/v2\/posts\/15284\/revisions"}],"predecessor-version":[{"id":15289,"href":"https:\/\/curva1.com.ar\/index.php?rest_route=\/wp\/v2\/posts\/15284\/revisions\/15289"}],"wp:featuredmedia":[{"embeddable":true,"href":"https:\/\/curva1.com.ar\/index.php?rest_route=\/wp\/v2\/media\/15285"}],"wp:attachment":[{"href":"https:\/\/curva1.com.ar\/index.php?rest_route=%2Fwp%2Fv2%2Fmedia&parent=15284"}],"wp:term":[{"taxonomy":"category","embeddable":true,"href":"https:\/\/curva1.com.ar\/index.php?rest_route=%2Fwp%2Fv2%2Fcategories&post=15284"},{"taxonomy":"post_tag","embeddable":true,"href":"https:\/\/curva1.com.ar\/index.php?rest_route=%2Fwp%2Fv2%2Ftags&post=15284"}],"curies":[{"name":"wp","href":"https:\/\/api.w.org\/{rel}","templated":true}]}}