{"id":15308,"date":"2015-06-25T22:13:46","date_gmt":"2015-06-26T01:13:46","guid":{"rendered":"http:\/\/www.curva1.com.ar\/?p=15308"},"modified":"2015-06-25T22:13:46","modified_gmt":"2015-06-26T01:13:46","slug":"dirigentes-mendocinos-estuvieron-con-juan-maria-traverso-en-san-luis","status":"publish","type":"post","link":"https:\/\/curva1.com.ar\/?p=15308","title":{"rendered":"Dirigentes mendocinos estuvieron con Juan Mar\u00eda Traverso en San Lu\u00eds"},"content":{"rendered":"<p><img loading=\"lazy\" decoding=\"async\" class=\"aligncenter size-full wp-image-15309\" src=\"http:\/\/www.curva1.com.ar\/wp-content\/uploads\/2015\/06\/IMG-20150625-WA0064.jpg\" alt=\"IMG-20150625-WA0064\" width=\"720\" height=\"720\" srcset=\"https:\/\/curva1.com.ar\/wp-content\/uploads\/2015\/06\/IMG-20150625-WA0064.jpg 720w, https:\/\/curva1.com.ar\/wp-content\/uploads\/2015\/06\/IMG-20150625-WA0064-337x337.jpg 337w, https:\/\/curva1.com.ar\/wp-content\/uploads\/2015\/06\/IMG-20150625-WA0064-160x160.jpg 160w, https:\/\/curva1.com.ar\/wp-content\/uploads\/2015\/06\/IMG-20150625-WA0064-320x320.jpg 320w\" sizes=\"auto, (max-width: 720px) 100vw, 720px\" \/><\/p>\n<p>Dirigentes mendocinos viajaron hasta la provincia de San Lu\u00eds para terminar de concretar los \u00faltimos detalles para el promocionado 65\u00ba Gran Premio Vendimia de Automovilismo.<\/p>\n<p>Abdo Girala, Presidente de la Asociacion Pilotos Automoviles de Turismo Cuyano, y Jos\u00e9 Mar\u00eda Andreuccetti, Delegado en Cuyo de la Asociaci\u00f3n Argentina de Volantes, se reunieron con el ex piloto Juan Mar\u00eda Traverso para cerrar su visita a la carrera que se disputar\u00e1 <span class=\"text_exposed_show\">este fin de semana en San Mart\u00edn.<\/span><\/p>\n<div class=\"text_exposed_show\">\n<p>\u201cTenemos todo listo y hemos trabajado para que este sea uno de los mejores GP Vendimia\u201d dijo Girala y agreg\u00f3 \u201ctuvimos una charla productiva con Traverso, donde nos asesor\u00f3 y mostr\u00f3 su apoyo a los campeonatos zonales. Con buenos reglamentos y bajos costos es donde se puede apreciar el talento de los pilotos nos dijo\u201d.<\/p>\n<p>Luego de la presentaci\u00f3n oficial del GP Vendimia, las acciones promocionales siguieron hoy en el Kil\u00f3metro Cero de Mendoza con exhibici\u00f3n de autos y motos del Zonal Cuyano. Ma\u00f1ana media docena de autos acelerar\u00e1n por calles c\u00e9ntricas de San Mart\u00edn.<\/p>\n<p>Siete series y nueve finales est\u00e1n programadas para el s\u00e1bado y domingo en el circuito Jorge Angel Pena, donde se espera que el p\u00fablico viva y acompa\u00f1e en la carrera m\u00e1s importante del a\u00f1o del automovilismo cuyano.<\/p>\n<\/div>\n","protected":false},"excerpt":{"rendered":"<p>Dirigentes mendocinos viajaron hasta la provincia de San Lu\u00eds para terminar de concretar los \u00faltimos<\/p>\n","protected":false},"author":1,"featured_media":15309,"comment_status":"open","ping_status":"closed","sticky":false,"template":"","format":"standard","meta":{"footnotes":""},"categories":[1],"tags":[],"class_list":["post-15308","post","type-post","status-publish","format-standard","has-post-thumbnail","hentry","category-zonal-cuyano"],"featured_image_urls":{"full":["https:\/\/curva1.com.ar\/wp-content\/uploads\/2015\/06\/IMG-20150625-WA0064.jpg",720,720,false],"thumbnail":["https:\/\/curva1.com.ar\/wp-content\/uploads\/2015\/06\/IMG-20150625-WA0064-300x169.jpg",300,169,true],"medium":["https:\/\/curva1.com.ar\/wp-content\/uploads\/2015\/06\/IMG-20150625-WA0064-337x337.jpg",337,337,true],"medium_large":["https:\/\/curva1.com.ar\/wp-content\/uploads\/2015\/06\/IMG-20150625-WA0064.jpg",640,640,false],"large":["https:\/\/curva1.com.ar\/wp-content\/uploads\/2015\/06\/IMG-20150625-WA0064.jpg",540,540,false],"1536x1536":["https:\/\/curva1.com.ar\/wp-content\/uploads\/2015\/06\/IMG-20150625-WA0064.jpg",720,720,false],"2048x2048":["https:\/\/curva1.com.ar\/wp-content\/uploads\/2015\/06\/IMG-20150625-WA0064.jpg",720,720,false],"chromenews-featured":["https:\/\/curva1.com.ar\/wp-content\/uploads\/2015\/06\/IMG-20150625-WA0064.jpg",720,720,false],"chromenews-large":["https:\/\/curva1.com.ar\/wp-content\/uploads\/2015\/06\/IMG-20150625-WA0064.jpg",575,575,false],"chromenews-medium":["https:\/\/curva1.com.ar\/wp-content\/uploads\/2015\/06\/IMG-20150625-WA0064.jpg",410,410,false]},"author_info":{"display_name":"Jos\u00e9 Bravo","author_link":"https:\/\/curva1.com.ar\/?author=1"},"category_info":"<a href=\"https:\/\/curva1.com.ar\/?cat=1\" rel=\"category\">Zonal Cuyano<\/a>","tag_info":"Zonal Cuyano","comment_count":"0","_links":{"self":[{"href":"https:\/\/curva1.com.ar\/index.php?rest_route=\/wp\/v2\/posts\/15308","targetHints":{"allow":["GET"]}}],"collection":[{"href":"https:\/\/curva1.com.ar\/index.php?rest_route=\/wp\/v2\/posts"}],"about":[{"href":"https:\/\/curva1.com.ar\/index.php?rest_route=\/wp\/v2\/types\/post"}],"author":[{"embeddable":true,"href":"https:\/\/curva1.com.ar\/index.php?rest_route=\/wp\/v2\/users\/1"}],"replies":[{"embeddable":true,"href":"https:\/\/curva1.com.ar\/index.php?rest_route=%2Fwp%2Fv2%2Fcomments&post=15308"}],"version-history":[{"count":1,"href":"https:\/\/curva1.com.ar\/index.php?rest_route=\/wp\/v2\/posts\/15308\/revisions"}],"predecessor-version":[{"id":15310,"href":"https:\/\/curva1.com.ar\/index.php?rest_route=\/wp\/v2\/posts\/15308\/revisions\/15310"}],"wp:featuredmedia":[{"embeddable":true,"href":"https:\/\/curva1.com.ar\/index.php?rest_route=\/wp\/v2\/media\/15309"}],"wp:attachment":[{"href":"https:\/\/curva1.com.ar\/index.php?rest_route=%2Fwp%2Fv2%2Fmedia&parent=15308"}],"wp:term":[{"taxonomy":"category","embeddable":true,"href":"https:\/\/curva1.com.ar\/index.php?rest_route=%2Fwp%2Fv2%2Fcategories&post=15308"},{"taxonomy":"post_tag","embeddable":true,"href":"https:\/\/curva1.com.ar\/index.php?rest_route=%2Fwp%2Fv2%2Ftags&post=15308"}],"curies":[{"name":"wp","href":"https:\/\/api.w.org\/{rel}","templated":true}]}}