{"id":1535,"date":"2012-10-12T01:17:57","date_gmt":"2012-10-12T04:17:57","guid":{"rendered":"http:\/\/www.curva1.com.ar\/?p=1535"},"modified":"2012-10-12T19:50:53","modified_gmt":"2012-10-12T22:50:53","slug":"el-super-tc-2000-estara-iluminado-en-el-callejero-de-santa-fe","status":"publish","type":"post","link":"https:\/\/curva1.com.ar\/?p=1535","title":{"rendered":"S\u00faper TC 2000 iluminado en el callejero de Santa Fe"},"content":{"rendered":"<p><img loading=\"lazy\" decoding=\"async\" class=\"alignleft size-full wp-image-1536\" title=\"cafgawegvts\" src=\"http:\/\/www.curva1.com.ar\/wp-content\/uploads\/2012\/10\/cafgawegvts.jpg\" alt=\"\" width=\"300\" height=\"169\" \/>La gran luminaria instalada sobre el circuito callejero de Santa Fe, de 3.020 metros de extensi\u00f3n, ser\u00e1 una de las atracciones que brindar\u00e1 el S\u00faper TC 2000 en la d\u00e9cima fecha del vigente calendario.<\/p>\n<p>Hoy, la categor\u00eda m\u00e1s tecnol\u00f3gica de Sudam\u00e9rica desarrollar\u00e1 ensayos con vistas a la carrera nocturna de ma\u00f1ana y a la competencia diurna, a realizarse el domingo.<\/p>\n<p>Habr\u00e1 dos tandas de entrenamientos (de 17.20 a 19 y de 20.50 a 22) para los 24 pilotos que formar\u00e1n parte del evento, entre ellos el sanmartiniano Bernardo Llaver al comando del Corolla preparado por el Toyota Team Argentina.<\/p>\n<p>Jos\u00e9 Mar\u00eda L\u00f3pez (Ford Focus) llega a Santa Fe como l\u00edder del certamen con 154 puntos.<\/p>\n<p>Detr\u00e1s marchan Mat\u00edas Rossi (Toyota Corolla) y N\u00e9stor Girolami (Peugeot 408) con 135, Mariano Werner (Toyota Corolla) con 130 y Emiliano Spataro (Renault Fluence) con 118. El 17\u00b0 lugar del torneo es ocupado por Berni, tras cosechar 47 unidades.<\/p>\n<p>Otros pilotos de nuestra provincia, en este caso Juli\u00e1n Santero y Emmanuel C\u00e1ceres, dir\u00e1n presente en la F\u00f3rmula Renault que es liderada por Carlos Merlo con 104 puntos.<\/p>\n<p>En el caso del oriundo de Guaymall\u00e9n, que teste\u00f3 su monoplaza en el circuito de Paran\u00e1, est\u00e1 tercero con 73 unidades. Mientras, Peluche se coloca noveno con 33.<\/p>\n<p>La \u201cescuela\u201d disputar\u00e1 dos tandas de ensayos (de 15.55 a 16.25 para el Grupo B y de 16.35 a 17.05 para el Grupo A, en el que est\u00e1 el d\u00fao).<\/p>\n<p>Los Andes.<\/p>\n","protected":false},"excerpt":{"rendered":"<p>La gran luminaria instalada sobre el circuito callejero de Santa Fe, de 3.020 metros de<\/p>\n","protected":false},"author":1,"featured_media":1536,"comment_status":"open","ping_status":"closed","sticky":false,"template":"","format":"standard","meta":{"footnotes":""},"categories":[6],"tags":[],"class_list":["post-1535","post","type-post","status-publish","format-standard","has-post-thumbnail","hentry","category-nacionales"],"featured_image_urls":{"full":["https:\/\/curva1.com.ar\/wp-content\/uploads\/2012\/10\/cafgawegvts.jpg",300,169,false],"thumbnail":["https:\/\/curva1.com.ar\/wp-content\/uploads\/2012\/10\/cafgawegvts-150x150.jpg",150,150,true],"medium":["https:\/\/curva1.com.ar\/wp-content\/uploads\/2012\/10\/cafgawegvts.jpg",300,169,false],"medium_large":["https:\/\/curva1.com.ar\/wp-content\/uploads\/2012\/10\/cafgawegvts.jpg",300,169,false],"large":["https:\/\/curva1.com.ar\/wp-content\/uploads\/2012\/10\/cafgawegvts.jpg",300,169,false],"1536x1536":["https:\/\/curva1.com.ar\/wp-content\/uploads\/2012\/10\/cafgawegvts.jpg",300,169,false],"2048x2048":["https:\/\/curva1.com.ar\/wp-content\/uploads\/2012\/10\/cafgawegvts.jpg",300,169,false],"chromenews-featured":["https:\/\/curva1.com.ar\/wp-content\/uploads\/2012\/10\/cafgawegvts.jpg",300,169,false],"chromenews-large":["https:\/\/curva1.com.ar\/wp-content\/uploads\/2012\/10\/cafgawegvts.jpg",300,169,false],"chromenews-medium":["https:\/\/curva1.com.ar\/wp-content\/uploads\/2012\/10\/cafgawegvts.jpg",300,169,false]},"author_info":{"display_name":"Jos\u00e9 Bravo","author_link":"https:\/\/curva1.com.ar\/?author=1"},"category_info":"<a href=\"https:\/\/curva1.com.ar\/?cat=6\" rel=\"category\">Nacionales<\/a>","tag_info":"Nacionales","comment_count":"0","yoast_head":"<!-- This site is optimized with the Yoast SEO Premium plugin v14.7 - https:\/\/yoast.com\/wordpress\/plugins\/seo\/ -->\n<title>S\u00faper TC 2000 iluminado en el callejero de Santa Fe - Curva 1<\/title>\n<meta name=\"robots\" content=\"index, follow\" \/>\n<meta name=\"googlebot\" content=\"index, follow, max-snippet:-1, max-image-preview:large, max-video-preview:-1\" \/>\n<meta name=\"bingbot\" content=\"index, follow, max-snippet:-1, max-image-preview:large, max-video-preview:-1\" \/>\n<link rel=\"canonical\" href=\"https:\/\/curva1.com.ar\/?p=1535\" \/>\n<meta property=\"og:locale\" content=\"en_US\" \/>\n<meta property=\"og:type\" content=\"article\" \/>\n<meta property=\"og:title\" content=\"S\u00faper TC 2000 iluminado en el callejero de Santa Fe - Curva 1\" \/>\n<meta property=\"og:description\" content=\"La gran luminaria instalada sobre el circuito callejero de Santa Fe, de 3.020 metros de\" \/>\n<meta property=\"og:url\" content=\"https:\/\/curva1.com.ar\/?p=1535\" \/>\n<meta property=\"og:site_name\" content=\"Curva 1\" \/>\n<meta property=\"article:publisher\" content=\"https:\/\/www.facebook.com\/revistacurva1\/\" \/>\n<meta property=\"article:published_time\" content=\"2012-10-12T04:17:57+00:00\" \/>\n<meta property=\"article:modified_time\" content=\"2012-10-12T22:50:53+00:00\" \/>\n<meta property=\"og:image\" content=\"https:\/\/curva1.com.ar\/wp-content\/uploads\/2012\/10\/cafgawegvts.jpg\" \/>\n\t<meta property=\"og:image:width\" content=\"300\" \/>\n\t<meta property=\"og:image:height\" content=\"169\" \/>\n<meta property=\"fb:app_id\" content=\"1593067817533208\" \/>\n<meta name=\"twitter:card\" content=\"summary_large_image\" \/>\n<meta name=\"twitter:creator\" content=\"@curva1mendoza\" \/>\n<meta name=\"twitter:site\" content=\"@curva1mendoza\" \/>\n<script type=\"application\/ld+json\" class=\"yoast-schema-graph\">{\"@context\":\"https:\/\/schema.org\",\"@graph\":[{\"@type\":\"WebSite\",\"@id\":\"https:\/\/curva1.com.ar\/#website\",\"url\":\"https:\/\/curva1.com.ar\/\",\"name\":\"Curva 1\",\"description\":\"Automovilismo de Mendoza\",\"potentialAction\":[{\"@type\":\"SearchAction\",\"target\":\"https:\/\/curva1.com.ar\/?s={search_term_string}\",\"query-input\":\"required name=search_term_string\"}],\"inLanguage\":\"en-US\"},{\"@type\":\"ImageObject\",\"@id\":\"https:\/\/curva1.com.ar\/?p=1535#primaryimage\",\"inLanguage\":\"en-US\",\"url\":\"https:\/\/curva1.com.ar\/wp-content\/uploads\/2012\/10\/cafgawegvts.jpg\",\"width\":\"300\",\"height\":\"169\"},{\"@type\":\"WebPage\",\"@id\":\"https:\/\/curva1.com.ar\/?p=1535#webpage\",\"url\":\"https:\/\/curva1.com.ar\/?p=1535\",\"name\":\"S\\u00faper TC 2000 iluminado en el callejero de Santa Fe - Curva 1\",\"isPartOf\":{\"@id\":\"https:\/\/curva1.com.ar\/#website\"},\"primaryImageOfPage\":{\"@id\":\"https:\/\/curva1.com.ar\/?p=1535#primaryimage\"},\"datePublished\":\"2012-10-12T04:17:57+00:00\",\"dateModified\":\"2012-10-12T22:50:53+00:00\",\"author\":{\"@id\":\"https:\/\/curva1.com.ar\/#\/schema\/person\/f5fd12984d70df7314fbd9ab42f31033\"},\"inLanguage\":\"en-US\",\"potentialAction\":[{\"@type\":\"ReadAction\",\"target\":[\"https:\/\/curva1.com.ar\/?p=1535\"]}]},{\"@type\":[\"Person\"],\"@id\":\"https:\/\/curva1.com.ar\/#\/schema\/person\/f5fd12984d70df7314fbd9ab42f31033\",\"name\":\"Jos\\u00e9 Bravo\",\"image\":{\"@type\":\"ImageObject\",\"@id\":\"https:\/\/curva1.com.ar\/#personlogo\",\"inLanguage\":\"en-US\",\"url\":\"https:\/\/secure.gravatar.com\/avatar\/3ae0b1fdc6ddeb723a6e6c23609ed39de1d40a94b8112fd2c0c2032e2dabf28b?s=96&d=identicon&r=g\",\"caption\":\"Jos\\u00e9 Bravo\"}}]}<\/script>\n<!-- \/ Yoast SEO Premium plugin. -->","_links":{"self":[{"href":"https:\/\/curva1.com.ar\/index.php?rest_route=\/wp\/v2\/posts\/1535","targetHints":{"allow":["GET"]}}],"collection":[{"href":"https:\/\/curva1.com.ar\/index.php?rest_route=\/wp\/v2\/posts"}],"about":[{"href":"https:\/\/curva1.com.ar\/index.php?rest_route=\/wp\/v2\/types\/post"}],"author":[{"embeddable":true,"href":"https:\/\/curva1.com.ar\/index.php?rest_route=\/wp\/v2\/users\/1"}],"replies":[{"embeddable":true,"href":"https:\/\/curva1.com.ar\/index.php?rest_route=%2Fwp%2Fv2%2Fcomments&post=1535"}],"version-history":[{"count":4,"href":"https:\/\/curva1.com.ar\/index.php?rest_route=\/wp\/v2\/posts\/1535\/revisions"}],"predecessor-version":[{"id":1538,"href":"https:\/\/curva1.com.ar\/index.php?rest_route=\/wp\/v2\/posts\/1535\/revisions\/1538"}],"wp:featuredmedia":[{"embeddable":true,"href":"https:\/\/curva1.com.ar\/index.php?rest_route=\/wp\/v2\/media\/1536"}],"wp:attachment":[{"href":"https:\/\/curva1.com.ar\/index.php?rest_route=%2Fwp%2Fv2%2Fmedia&parent=1535"}],"wp:term":[{"taxonomy":"category","embeddable":true,"href":"https:\/\/curva1.com.ar\/index.php?rest_route=%2Fwp%2Fv2%2Fcategories&post=1535"},{"taxonomy":"post_tag","embeddable":true,"href":"https:\/\/curva1.com.ar\/index.php?rest_route=%2Fwp%2Fv2%2Ftags&post=1535"}],"curies":[{"name":"wp","href":"https:\/\/api.w.org\/{rel}","templated":true}]}}