{"id":1541,"date":"2012-10-12T19:43:46","date_gmt":"2012-10-12T22:43:46","guid":{"rendered":"http:\/\/www.curva1.com.ar\/?p=1541"},"modified":"2012-10-12T19:45:54","modified_gmt":"2012-10-12T22:45:54","slug":"jorge-vitar-comenzo-el-sueno-para-viajar-a-portugal","status":"publish","type":"post","link":"https:\/\/curva1.com.ar\/?p=1541","title":{"rendered":"Jorge Vitar comenz\u00f3 el sue\u00f1o para viajar al Mundial de Portugal"},"content":{"rendered":"<p><img loading=\"lazy\" decoding=\"async\" class=\"aligncenter size-full wp-image-1542\" title=\"P1790zz306\" src=\"http:\/\/www.curva1.com.ar\/wp-content\/uploads\/2012\/10\/P1790zz306.jpg\" alt=\"\" width=\"500\" height=\"281\" srcset=\"https:\/\/curva1.com.ar\/wp-content\/uploads\/2012\/10\/P1790zz306.jpg 500w, https:\/\/curva1.com.ar\/wp-content\/uploads\/2012\/10\/P1790zz306-300x168.jpg 300w\" sizes=\"auto, (max-width: 500px) 100vw, 500px\" \/><\/p>\n<div>El kartista mendocino Jorge Vitar comenz\u00f3 a transitar la Gran Final Rotax Argentina, que tiene como premio mayor el pase sin costo para el Mundial de la Especialidad que este a\u00f1o se disputar\u00e1 en Portugal.<\/div>\n<div><\/div>\n<div>Luego de diez horas de viaje y transitar poco m\u00e1s de 900 kil\u00f3metros, la familia Vitar lleg\u00f3 al Kart\u00f3dromo Sudamericano de Sunchales, en el centro norte de la provincia de Santa Fe. Jorgito no alcanz\u00f3 a bajar de su veh\u00edculo que, previo saludos a colegas y mec\u00e1nicos, se escabull\u00f3 y calladamente fue a caminar la pista. Desde la largada y hasta el final, a pie y simulando los radios de giro ideal.<\/div>\n<div><\/div>\n<div>Pasadas las 14 horas comenz\u00f3 el ruido, con tandas libres y Jorge Vitar fue implacable. Lider\u00f3 los cuatro entrenamientos del d\u00eda de la categor\u00eda Sudam J\u00fanior.\u00a0<strong>&#8220;Estamos bien, estoy motivado&#8221;<\/strong>\u00a0expres\u00f3 con cortas palabras, pensando en lo que viene: clasificaci\u00f3n, tres mangas y la final.<\/div>\n<div><\/div>\n<div>Por ser campe\u00f3n de la Rotax Max Buenos Aires, Vitar llega con un handicap de 18 puntos a favor. El piloto que terminada la actividad oficial sume m\u00e1s puntos, se coronar\u00e1 Campe\u00f3n Argentino de Rotax y obtendr\u00e1 el pase para el Mundial que se realizar\u00e1 en diciembre en Portim\u00e2o, Portugal.<\/div>\n<div><\/div>\n<div>Esta noche la categor\u00eda brindar\u00e1 una cena de gala para la premiaci\u00f3n de los monarcas 2012 y Jorge Vitar estar\u00e1 acompa\u00f1ado por sus padres <strong>Jorge<\/strong> y <strong>Sulma<\/strong>, su hermano <strong>Tom\u00e1s<\/strong>, <strong>Jos\u00e9 Bravo<\/strong> su jefe de prensa y <strong>N\u00e9stor Mart\u00ednez<\/strong>, un amigo de la familia que fue quien lo subi\u00f3 al karting por primera vez.<\/div>\n<div><\/div>\n<div>El lunes, luego de finalizada la actividad, Vitar viajar\u00e1 a Buenos Aires y luego a Francia, para disputar la Final Internacional IAME.<\/div>\n<div><\/div>\n<div><strong>MAS INFO EN\u00a0<a href=\"http:\/\/www.jorgevitar.com.ar\/\" target=\"_blank\">www.jorgevitar.com.ar<\/a><\/strong><\/div>\n<div><\/div>\n<div><img loading=\"lazy\" decoding=\"async\" class=\"aligncenter size-full wp-image-1543\" title=\"A90339\" src=\"http:\/\/www.curva1.com.ar\/wp-content\/uploads\/2012\/10\/A90339.jpg\" alt=\"\" width=\"500\" height=\"375\" srcset=\"https:\/\/curva1.com.ar\/wp-content\/uploads\/2012\/10\/A90339.jpg 500w, https:\/\/curva1.com.ar\/wp-content\/uploads\/2012\/10\/A90339-300x225.jpg 300w, https:\/\/curva1.com.ar\/wp-content\/uploads\/2012\/10\/A90339-200x150.jpg 200w\" sizes=\"auto, (max-width: 500px) 100vw, 500px\" \/><\/div>\n","protected":false},"excerpt":{"rendered":"<p>El kartista mendocino Jorge Vitar comenz\u00f3 a transitar la Gran Final Rotax Argentina, que tiene<\/p>\n","protected":false},"author":1,"featured_media":1542,"comment_status":"open","ping_status":"closed","sticky":false,"template":"","format":"standard","meta":{"footnotes":""},"categories":[4],"tags":[],"class_list":["post-1541","post","type-post","status-publish","format-standard","has-post-thumbnail","hentry","category-karting"],"featured_image_urls":{"full":["https:\/\/curva1.com.ar\/wp-content\/uploads\/2012\/10\/P1790zz306.jpg",500,281,false],"thumbnail":["https:\/\/curva1.com.ar\/wp-content\/uploads\/2012\/10\/P1790zz306-150x150.jpg",150,150,true],"medium":["https:\/\/curva1.com.ar\/wp-content\/uploads\/2012\/10\/P1790zz306-300x168.jpg",300,168,true],"medium_large":["https:\/\/curva1.com.ar\/wp-content\/uploads\/2012\/10\/P1790zz306.jpg",500,281,false],"large":["https:\/\/curva1.com.ar\/wp-content\/uploads\/2012\/10\/P1790zz306.jpg",500,281,false],"1536x1536":["https:\/\/curva1.com.ar\/wp-content\/uploads\/2012\/10\/P1790zz306.jpg",500,281,false],"2048x2048":["https:\/\/curva1.com.ar\/wp-content\/uploads\/2012\/10\/P1790zz306.jpg",500,281,false],"chromenews-featured":["https:\/\/curva1.com.ar\/wp-content\/uploads\/2012\/10\/P1790zz306.jpg",500,281,false],"chromenews-large":["https:\/\/curva1.com.ar\/wp-content\/uploads\/2012\/10\/P1790zz306.jpg",500,281,false],"chromenews-medium":["https:\/\/curva1.com.ar\/wp-content\/uploads\/2012\/10\/P1790zz306.jpg",500,281,false]},"author_info":{"display_name":"Jos\u00e9 Bravo","author_link":"https:\/\/curva1.com.ar\/?author=1"},"category_info":"<a href=\"https:\/\/curva1.com.ar\/?cat=4\" rel=\"category\">Karting Asfalto<\/a>","tag_info":"Karting Asfalto","comment_count":"0","_links":{"self":[{"href":"https:\/\/curva1.com.ar\/index.php?rest_route=\/wp\/v2\/posts\/1541","targetHints":{"allow":["GET"]}}],"collection":[{"href":"https:\/\/curva1.com.ar\/index.php?rest_route=\/wp\/v2\/posts"}],"about":[{"href":"https:\/\/curva1.com.ar\/index.php?rest_route=\/wp\/v2\/types\/post"}],"author":[{"embeddable":true,"href":"https:\/\/curva1.com.ar\/index.php?rest_route=\/wp\/v2\/users\/1"}],"replies":[{"embeddable":true,"href":"https:\/\/curva1.com.ar\/index.php?rest_route=%2Fwp%2Fv2%2Fcomments&post=1541"}],"version-history":[{"count":3,"href":"https:\/\/curva1.com.ar\/index.php?rest_route=\/wp\/v2\/posts\/1541\/revisions"}],"predecessor-version":[{"id":1545,"href":"https:\/\/curva1.com.ar\/index.php?rest_route=\/wp\/v2\/posts\/1541\/revisions\/1545"}],"wp:featuredmedia":[{"embeddable":true,"href":"https:\/\/curva1.com.ar\/index.php?rest_route=\/wp\/v2\/media\/1542"}],"wp:attachment":[{"href":"https:\/\/curva1.com.ar\/index.php?rest_route=%2Fwp%2Fv2%2Fmedia&parent=1541"}],"wp:term":[{"taxonomy":"category","embeddable":true,"href":"https:\/\/curva1.com.ar\/index.php?rest_route=%2Fwp%2Fv2%2Fcategories&post=1541"},{"taxonomy":"post_tag","embeddable":true,"href":"https:\/\/curva1.com.ar\/index.php?rest_route=%2Fwp%2Fv2%2Ftags&post=1541"}],"curies":[{"name":"wp","href":"https:\/\/api.w.org\/{rel}","templated":true}]}}