{"id":1584,"date":"2012-10-17T00:37:00","date_gmt":"2012-10-17T03:37:00","guid":{"rendered":"http:\/\/www.curva1.com.ar\/?p=1584"},"modified":"2012-10-17T00:37:00","modified_gmt":"2012-10-17T03:37:00","slug":"top-race-confirmado-para-noviembre-en-san-martin","status":"publish","type":"post","link":"https:\/\/curva1.com.ar\/?p=1584","title":{"rendered":"Top Race confirmado para noviembre en San Mart\u00edn"},"content":{"rendered":"<p><img loading=\"lazy\" decoding=\"async\" class=\"aligncenter size-full wp-image-1585\" title=\"fasdfoto\" src=\"http:\/\/www.curva1.com.ar\/wp-content\/uploads\/2012\/10\/fasdfoto.jpg\" alt=\"\" width=\"500\" height=\"281\" srcset=\"https:\/\/curva1.com.ar\/wp-content\/uploads\/2012\/10\/fasdfoto.jpg 500w, https:\/\/curva1.com.ar\/wp-content\/uploads\/2012\/10\/fasdfoto-300x168.jpg 300w\" sizes=\"auto, (max-width: 500px) 100vw, 500px\" \/><\/p>\n<p>Si bien hab\u00edan dudas respecto a la visita del Top Race al aut\u00f3dromo Ciudad de San Mart\u00edn, que se hab\u00eda anunciado para el 18 de noviembre, trascendidos indican que la carrera est\u00e1 CONFIRMADA.<\/p>\n<p>En la web oficial de la categor\u00eda todav\u00eda figura &#8220;en blanco&#8221; la fecha, pero distintas voces han indicado que todo est\u00e1 bien y la carrera se hace en el Pena.<\/p>\n<p><strong>ALEJANDRO LEGUIZAMON<\/strong>, due\u00f1o del DM Team, estuvo con Jos\u00e9 Bravo de Curva 1 en la ciudad de Santa Fe y explic\u00f3 <em>&#8220;La carrera est\u00e1 totalmente confirmada y se est\u00e1 trabajando para la misma. La comisi\u00f3n de pilotos que se ha formado hace un tiempo lleva muy bien el calendario&#8221;.<\/em><\/p>\n<p><strong>RODOLFO GATTO<\/strong>, presidente de AVE, coment\u00f3 a Ariel Dupaus de Curva 1 que est\u00e1 todo bien e incluso se estuvo promocionando el domingo pasado en la 8\u00ba fecha del zonal cuyano mediante la voz del aut\u00f3dromo.<\/p>\n<p><strong>FERNANDO PERSIA<\/strong>, piloto sanjuanino y padre de Fabrizio quien compite en la TR J\u00fanior, explico que <em>&#8220;El Top Race est\u00e1 confirmado incluso ya se est\u00e1n imprimiendo las entradas y junto con mis hijos nos preparamos para competir en San Mart\u00edn&#8221;.<\/em><\/p>\n<p>&nbsp;<\/p>\n","protected":false},"excerpt":{"rendered":"<p>Si bien hab\u00edan dudas respecto a la visita del Top Race al aut\u00f3dromo Ciudad de<\/p>\n","protected":false},"author":1,"featured_media":1585,"comment_status":"open","ping_status":"closed","sticky":false,"template":"","format":"standard","meta":{"footnotes":""},"categories":[6],"tags":[],"class_list":["post-1584","post","type-post","status-publish","format-standard","has-post-thumbnail","hentry","category-nacionales"],"featured_image_urls":{"full":["https:\/\/curva1.com.ar\/wp-content\/uploads\/2012\/10\/fasdfoto.jpg",500,281,false],"thumbnail":["https:\/\/curva1.com.ar\/wp-content\/uploads\/2012\/10\/fasdfoto-150x150.jpg",150,150,true],"medium":["https:\/\/curva1.com.ar\/wp-content\/uploads\/2012\/10\/fasdfoto-300x168.jpg",300,168,true],"medium_large":["https:\/\/curva1.com.ar\/wp-content\/uploads\/2012\/10\/fasdfoto.jpg",500,281,false],"large":["https:\/\/curva1.com.ar\/wp-content\/uploads\/2012\/10\/fasdfoto.jpg",500,281,false],"1536x1536":["https:\/\/curva1.com.ar\/wp-content\/uploads\/2012\/10\/fasdfoto.jpg",500,281,false],"2048x2048":["https:\/\/curva1.com.ar\/wp-content\/uploads\/2012\/10\/fasdfoto.jpg",500,281,false],"chromenews-featured":["https:\/\/curva1.com.ar\/wp-content\/uploads\/2012\/10\/fasdfoto.jpg",500,281,false],"chromenews-large":["https:\/\/curva1.com.ar\/wp-content\/uploads\/2012\/10\/fasdfoto.jpg",500,281,false],"chromenews-medium":["https:\/\/curva1.com.ar\/wp-content\/uploads\/2012\/10\/fasdfoto.jpg",500,281,false]},"author_info":{"display_name":"Jos\u00e9 Bravo","author_link":"https:\/\/curva1.com.ar\/?author=1"},"category_info":"<a href=\"https:\/\/curva1.com.ar\/?cat=6\" rel=\"category\">Nacionales<\/a>","tag_info":"Nacionales","comment_count":"0","_links":{"self":[{"href":"https:\/\/curva1.com.ar\/index.php?rest_route=\/wp\/v2\/posts\/1584","targetHints":{"allow":["GET"]}}],"collection":[{"href":"https:\/\/curva1.com.ar\/index.php?rest_route=\/wp\/v2\/posts"}],"about":[{"href":"https:\/\/curva1.com.ar\/index.php?rest_route=\/wp\/v2\/types\/post"}],"author":[{"embeddable":true,"href":"https:\/\/curva1.com.ar\/index.php?rest_route=\/wp\/v2\/users\/1"}],"replies":[{"embeddable":true,"href":"https:\/\/curva1.com.ar\/index.php?rest_route=%2Fwp%2Fv2%2Fcomments&post=1584"}],"version-history":[{"count":2,"href":"https:\/\/curva1.com.ar\/index.php?rest_route=\/wp\/v2\/posts\/1584\/revisions"}],"predecessor-version":[{"id":1587,"href":"https:\/\/curva1.com.ar\/index.php?rest_route=\/wp\/v2\/posts\/1584\/revisions\/1587"}],"wp:featuredmedia":[{"embeddable":true,"href":"https:\/\/curva1.com.ar\/index.php?rest_route=\/wp\/v2\/media\/1585"}],"wp:attachment":[{"href":"https:\/\/curva1.com.ar\/index.php?rest_route=%2Fwp%2Fv2%2Fmedia&parent=1584"}],"wp:term":[{"taxonomy":"category","embeddable":true,"href":"https:\/\/curva1.com.ar\/index.php?rest_route=%2Fwp%2Fv2%2Fcategories&post=1584"},{"taxonomy":"post_tag","embeddable":true,"href":"https:\/\/curva1.com.ar\/index.php?rest_route=%2Fwp%2Fv2%2Ftags&post=1584"}],"curies":[{"name":"wp","href":"https:\/\/api.w.org\/{rel}","templated":true}]}}