{"id":1588,"date":"2012-10-18T15:12:47","date_gmt":"2012-10-18T18:12:47","guid":{"rendered":"http:\/\/www.curva1.com.ar\/?p=1588"},"modified":"2012-10-18T15:54:27","modified_gmt":"2012-10-18T18:54:27","slug":"julian-santero-invitado-por-el-aca-para-la-formula-3-europea","status":"publish","type":"post","link":"https:\/\/curva1.com.ar\/?p=1588","title":{"rendered":"Juli\u00e1n Santero invitado por el ACA para la F\u00f3rmula 3 Europea"},"content":{"rendered":"<p><img loading=\"lazy\" decoding=\"async\" class=\"alignleft size-full wp-image-1620\" title=\"int-489273\" src=\"http:\/\/www.curva1.com.ar\/wp-content\/uploads\/2012\/10\/int-489273.jpg\" alt=\"\" width=\"299\" height=\"168\" \/>Son\u00f3 fuerte para competir en F\u00f3rmula Ford Brit\u00e1nica. Pero, seg\u00fan sus propias palabras,<strong> \u201ctodo qued\u00f3 en la nada. Deb\u00eda contar con mucho dinero y aparte se complicaba con las fechas de ac\u00e1\u201d.<\/strong><\/p>\n<p>Pese al mal trago, Juli\u00e1n recibi\u00f3 otra propuesta tentadora pensando en la venidera temporada.<\/p>\n<p><strong>\u201cMe llamaron del Autom\u00f3vil Club Argentino porque tienen un proyecto de armar un equipo para correr en F\u00f3rmula 3 Europea durante 2013. La propuesta tambi\u00e9n se la hicieron a Collino y Merlo, por lo que ser\u00edan mis coequipers en caso de concretarse. A fin de mes debo viajar a Buenos Aires para conocer m\u00e1s del proyecto, sobre todo la parte econ\u00f3mica\u201d,<\/strong> dijo Santero.<\/p>\n<p>Los Andes.<\/p>\n","protected":false},"excerpt":{"rendered":"<p>Son\u00f3 fuerte para competir en F\u00f3rmula Ford Brit\u00e1nica. Pero, seg\u00fan sus propias palabras, \u201ctodo qued\u00f3<\/p>\n","protected":false},"author":1,"featured_media":1620,"comment_status":"open","ping_status":"closed","sticky":false,"template":"","format":"standard","meta":{"footnotes":""},"categories":[6],"tags":[],"class_list":["post-1588","post","type-post","status-publish","format-standard","has-post-thumbnail","hentry","category-nacionales"],"featured_image_urls":{"full":["https:\/\/curva1.com.ar\/wp-content\/uploads\/2012\/10\/int-489273.jpg",299,168,false],"thumbnail":["https:\/\/curva1.com.ar\/wp-content\/uploads\/2012\/10\/int-489273-150x150.jpg",150,150,true],"medium":["https:\/\/curva1.com.ar\/wp-content\/uploads\/2012\/10\/int-489273.jpg",299,168,false],"medium_large":["https:\/\/curva1.com.ar\/wp-content\/uploads\/2012\/10\/int-489273.jpg",299,168,false],"large":["https:\/\/curva1.com.ar\/wp-content\/uploads\/2012\/10\/int-489273.jpg",299,168,false],"1536x1536":["https:\/\/curva1.com.ar\/wp-content\/uploads\/2012\/10\/int-489273.jpg",299,168,false],"2048x2048":["https:\/\/curva1.com.ar\/wp-content\/uploads\/2012\/10\/int-489273.jpg",299,168,false],"chromenews-featured":["https:\/\/curva1.com.ar\/wp-content\/uploads\/2012\/10\/int-489273.jpg",299,168,false],"chromenews-large":["https:\/\/curva1.com.ar\/wp-content\/uploads\/2012\/10\/int-489273.jpg",299,168,false],"chromenews-medium":["https:\/\/curva1.com.ar\/wp-content\/uploads\/2012\/10\/int-489273.jpg",299,168,false]},"author_info":{"display_name":"Jos\u00e9 Bravo","author_link":"https:\/\/curva1.com.ar\/?author=1"},"category_info":"<a href=\"https:\/\/curva1.com.ar\/?cat=6\" rel=\"category\">Nacionales<\/a>","tag_info":"Nacionales","comment_count":"0","_links":{"self":[{"href":"https:\/\/curva1.com.ar\/index.php?rest_route=\/wp\/v2\/posts\/1588","targetHints":{"allow":["GET"]}}],"collection":[{"href":"https:\/\/curva1.com.ar\/index.php?rest_route=\/wp\/v2\/posts"}],"about":[{"href":"https:\/\/curva1.com.ar\/index.php?rest_route=\/wp\/v2\/types\/post"}],"author":[{"embeddable":true,"href":"https:\/\/curva1.com.ar\/index.php?rest_route=\/wp\/v2\/users\/1"}],"replies":[{"embeddable":true,"href":"https:\/\/curva1.com.ar\/index.php?rest_route=%2Fwp%2Fv2%2Fcomments&post=1588"}],"version-history":[{"count":4,"href":"https:\/\/curva1.com.ar\/index.php?rest_route=\/wp\/v2\/posts\/1588\/revisions"}],"predecessor-version":[{"id":1622,"href":"https:\/\/curva1.com.ar\/index.php?rest_route=\/wp\/v2\/posts\/1588\/revisions\/1622"}],"wp:featuredmedia":[{"embeddable":true,"href":"https:\/\/curva1.com.ar\/index.php?rest_route=\/wp\/v2\/media\/1620"}],"wp:attachment":[{"href":"https:\/\/curva1.com.ar\/index.php?rest_route=%2Fwp%2Fv2%2Fmedia&parent=1588"}],"wp:term":[{"taxonomy":"category","embeddable":true,"href":"https:\/\/curva1.com.ar\/index.php?rest_route=%2Fwp%2Fv2%2Fcategories&post=1588"},{"taxonomy":"post_tag","embeddable":true,"href":"https:\/\/curva1.com.ar\/index.php?rest_route=%2Fwp%2Fv2%2Ftags&post=1588"}],"curies":[{"name":"wp","href":"https:\/\/api.w.org\/{rel}","templated":true}]}}