{"id":1593,"date":"2012-10-17T11:26:58","date_gmt":"2012-10-17T14:26:58","guid":{"rendered":"http:\/\/www.curva1.com.ar\/?p=1593"},"modified":"2012-10-17T11:26:58","modified_gmt":"2012-10-17T14:26:58","slug":"herny-martin-estara-esta-noche-en-sigue-girando","status":"publish","type":"post","link":"https:\/\/curva1.com.ar\/?p=1593","title":{"rendered":"Herny Mart\u00edn estar\u00e1 esta noche en Sigue Girando"},"content":{"rendered":"<p><img loading=\"lazy\" decoding=\"async\" class=\"aligncenter size-full wp-image-1594\" title=\"P17da90648\" src=\"http:\/\/www.curva1.com.ar\/wp-content\/uploads\/2012\/10\/P17da90648.jpg\" alt=\"\" width=\"500\" height=\"281\" srcset=\"https:\/\/curva1.com.ar\/wp-content\/uploads\/2012\/10\/P17da90648.jpg 500w, https:\/\/curva1.com.ar\/wp-content\/uploads\/2012\/10\/P17da90648-300x168.jpg 300w\" sizes=\"auto, (max-width: 500px) 100vw, 500px\" \/><\/p>\n<p>Henry Mart\u00edn estar\u00e1 en el programa de televisi\u00f3n hablando de su pase al Mundial Rotax de Portugal y de sus inicios en el karting, con fotos in\u00e9ditas de su amigo Ayrton Senna.<\/p>\n<p>Hace tiempo nosotros publicamos una nota donde destac\u00e1bamos la relaci\u00f3n entre el piloto sanjuanino y el astro brasilero. Ahora, Henry a trav\u00e9s de su cuenta de Twitter anunci\u00f3 que hoy a las 21 hs estar\u00e1 en Sigue Girando adelantando lo que ser\u00e1 su viaje a Portugal y sus inicios en el karting.<\/p>\n<p><strong>\u201cEstoy emocionado por esta carrera y lo que se logr\u00f3. Cuando ten\u00eda 15 a\u00f1os y corr\u00eda en karting tuve la invitaci\u00f3n de Angelo Parilla y Ayrton Senna para correr en Europa, pero no pude hacerlo por falta de presupuesto. Esto que se ha dado ahora es algo \u00fanico, es un sue\u00f1o que ten\u00eda desde ni\u00f1o\u201d<\/strong>\u00a0expres\u00f3 Henry Mart\u00edn, con los ojos llenos de l\u00e1grimas luego de finalizada la competencia.<\/p>\n<p><strong>&#8220;Fuimos r\u00e1pidos todo el fin de semana. Qued\u00e9 mal por el golpe en la carrera del s\u00e1bado, pero nos pudimos recuperar para obtener el viaje a Portugal. \u00a0Era un sue\u00f1o trunco de joven. Se nos da ahora y estamos muy felices por eso, por mi equipo, mi familia y en especial a mi viejo&#8221;<\/strong>\u00a0expres\u00f3 a\u00a0<strong>Curva 1 KART<\/strong>\u00a0el domingo pasado en Sunchales, Santa Fe.<\/p>\n","protected":false},"excerpt":{"rendered":"<p>Henry Mart\u00edn estar\u00e1 en el programa de televisi\u00f3n hablando de su pase al Mundial Rotax<\/p>\n","protected":false},"author":1,"featured_media":1594,"comment_status":"open","ping_status":"closed","sticky":false,"template":"","format":"standard","meta":{"footnotes":""},"categories":[6],"tags":[],"class_list":["post-1593","post","type-post","status-publish","format-standard","has-post-thumbnail","hentry","category-nacionales"],"featured_image_urls":{"full":["https:\/\/curva1.com.ar\/wp-content\/uploads\/2012\/10\/P17da90648.jpg",500,281,false],"thumbnail":["https:\/\/curva1.com.ar\/wp-content\/uploads\/2012\/10\/P17da90648-150x150.jpg",150,150,true],"medium":["https:\/\/curva1.com.ar\/wp-content\/uploads\/2012\/10\/P17da90648-300x168.jpg",300,168,true],"medium_large":["https:\/\/curva1.com.ar\/wp-content\/uploads\/2012\/10\/P17da90648.jpg",500,281,false],"large":["https:\/\/curva1.com.ar\/wp-content\/uploads\/2012\/10\/P17da90648.jpg",500,281,false],"1536x1536":["https:\/\/curva1.com.ar\/wp-content\/uploads\/2012\/10\/P17da90648.jpg",500,281,false],"2048x2048":["https:\/\/curva1.com.ar\/wp-content\/uploads\/2012\/10\/P17da90648.jpg",500,281,false],"chromenews-featured":["https:\/\/curva1.com.ar\/wp-content\/uploads\/2012\/10\/P17da90648.jpg",500,281,false],"chromenews-large":["https:\/\/curva1.com.ar\/wp-content\/uploads\/2012\/10\/P17da90648.jpg",500,281,false],"chromenews-medium":["https:\/\/curva1.com.ar\/wp-content\/uploads\/2012\/10\/P17da90648.jpg",500,281,false]},"author_info":{"display_name":"Jos\u00e9 Bravo","author_link":"https:\/\/curva1.com.ar\/?author=1"},"category_info":"<a href=\"https:\/\/curva1.com.ar\/?cat=6\" rel=\"category\">Nacionales<\/a>","tag_info":"Nacionales","comment_count":"0","_links":{"self":[{"href":"https:\/\/curva1.com.ar\/index.php?rest_route=\/wp\/v2\/posts\/1593","targetHints":{"allow":["GET"]}}],"collection":[{"href":"https:\/\/curva1.com.ar\/index.php?rest_route=\/wp\/v2\/posts"}],"about":[{"href":"https:\/\/curva1.com.ar\/index.php?rest_route=\/wp\/v2\/types\/post"}],"author":[{"embeddable":true,"href":"https:\/\/curva1.com.ar\/index.php?rest_route=\/wp\/v2\/users\/1"}],"replies":[{"embeddable":true,"href":"https:\/\/curva1.com.ar\/index.php?rest_route=%2Fwp%2Fv2%2Fcomments&post=1593"}],"version-history":[{"count":2,"href":"https:\/\/curva1.com.ar\/index.php?rest_route=\/wp\/v2\/posts\/1593\/revisions"}],"predecessor-version":[{"id":1596,"href":"https:\/\/curva1.com.ar\/index.php?rest_route=\/wp\/v2\/posts\/1593\/revisions\/1596"}],"wp:featuredmedia":[{"embeddable":true,"href":"https:\/\/curva1.com.ar\/index.php?rest_route=\/wp\/v2\/media\/1594"}],"wp:attachment":[{"href":"https:\/\/curva1.com.ar\/index.php?rest_route=%2Fwp%2Fv2%2Fmedia&parent=1593"}],"wp:term":[{"taxonomy":"category","embeddable":true,"href":"https:\/\/curva1.com.ar\/index.php?rest_route=%2Fwp%2Fv2%2Fcategories&post=1593"},{"taxonomy":"post_tag","embeddable":true,"href":"https:\/\/curva1.com.ar\/index.php?rest_route=%2Fwp%2Fv2%2Ftags&post=1593"}],"curies":[{"name":"wp","href":"https:\/\/api.w.org\/{rel}","templated":true}]}}