{"id":1680,"date":"2012-10-20T12:17:25","date_gmt":"2012-10-20T15:17:25","guid":{"rendered":"http:\/\/www.curva1.com.ar\/?p=1680"},"modified":"2012-10-20T14:00:01","modified_gmt":"2012-10-20T17:00:01","slug":"jorge-vitar-el-mejor-de-los-pilotos-argentinos-en-francia","status":"publish","type":"post","link":"https:\/\/curva1.com.ar\/?p=1680","title":{"rendered":"Jorge Vitar, el mejor del s\u00e1bado entre los argentinos en Francia"},"content":{"rendered":"<p><img loading=\"lazy\" decoding=\"async\" class=\"aligncenter size-full wp-image-1682\" title=\"P1sg740249\" src=\"http:\/\/www.curva1.com.ar\/wp-content\/uploads\/2012\/10\/P1sg740249.jpg\" alt=\"\" width=\"500\" height=\"281\" srcset=\"https:\/\/curva1.com.ar\/wp-content\/uploads\/2012\/10\/P1sg740249.jpg 500w, https:\/\/curva1.com.ar\/wp-content\/uploads\/2012\/10\/P1sg740249-300x168.jpg 300w\" sizes=\"auto, (max-width: 500px) 100vw, 500px\" \/><\/p>\n<p>Gran actuaci\u00f3n del kartista mendocino Jorge Vitar, en la Final International IAME que se lleva a cabo en el Circuit de Lyon, Francia.<\/p>\n<p>En la jornada del s\u00e1bado, Vitar fue el\u00a0m\u00e1s destacado de los kartistas argentinos y el mejor clasificado de la marca de chasis Praga.<\/p>\n<p>Dentro de la categor\u00eda X30 J\u00fanior parti\u00f3 en todas las mangas desde la posici\u00f3n 13\u00ba y su clave estuvo en ser veloz en las largadas. Qued\u00f3 6\u00ba, 11\u00ba y 8\u00ba en las tres mangas clasificatorias. Esto le permite a Vitar largar en la 5\u00ba posici\u00f3n la pre final del domingo.<\/p>\n<p><strong>&#8220;Estamos bien, siendo r\u00e1pidos en uno de los parciales y m\u00e1s lentos en otro, pero avanzamos varias posiciones que es lo que dese\u00e1bamos&#8221;<\/strong>\u00a0expres\u00f3 Jorgito desde Francia.<\/p>\n<p style=\"padding-left: 30px;\"><strong>RESUMEN DEL SABADO<\/strong><\/p>\n<p style=\"padding-left: 30px;\">1\u00ba MANGA &#8211;\u00a0<a href=\"http:\/\/www.savoiechrono.com\/archive\/Iame%20International\/1%20-%20X30%20Junior\/04%20-%20Classement%20Manche%201%20-%20Ranking%20Manche%201.pdf\" target=\"_blank\">ver<\/a><\/p>\n<p style=\"padding-left: 30px;\">2\u00ba MANGA &#8211;\u00a0<a href=\"http:\/\/www.savoiechrono.com\/archive\/Iame%20International\/1%20-%20X30%20Junior\/06%20-%20Classement%20Manche%202%20-%20Ranking%20Manche%202.pdf\" target=\"_blank\">ve<\/a>r<\/p>\n<p style=\"padding-left: 30px;\">3\u00ba MANGA &#8211;\u00a0<a href=\"http:\/\/www.savoiechrono.com\/archive\/Iame%20International\/1%20-%20X30%20Junior\/08%20-%20Classement%20Manche%203%20-%20Ranking%20Manche%203.pdf\" target=\"_blank\">ver<\/a><\/p>\n<p>Ma\u00f1ana se disputar\u00e1n la Pre Final (5:20 hs de Argentina) y Final (9:55 hs de Argentina). Se puede seguir con tiempos EN VIVO a trav\u00e9s de la web\u00a0<a href=\"http:\/\/www.savoiechrono.com\/\" rel=\"nofollow nofollow\" target=\"_blank\">http:\/\/www.savoiechrono.com\/<\/a><\/p>\n<p>&nbsp;<\/p>\n<p><a href=\"http:\/\/www.curva1.com.ar\/wp-content\/uploads\/2012\/10\/vitar-ats.jpg\"><img loading=\"lazy\" decoding=\"async\" class=\"aligncenter  wp-image-1681\" title=\"vitar  ats\" src=\"http:\/\/www.curva1.com.ar\/wp-content\/uploads\/2012\/10\/vitar-ats.jpg\" alt=\"\" width=\"500\" height=\"553\" srcset=\"https:\/\/curva1.com.ar\/wp-content\/uploads\/2012\/10\/vitar-ats.jpg 660w, https:\/\/curva1.com.ar\/wp-content\/uploads\/2012\/10\/vitar-ats-270x300.jpg 270w\" sizes=\"auto, (max-width: 500px) 100vw, 500px\" \/><\/a><\/p>\n","protected":false},"excerpt":{"rendered":"<p>Gran actuaci\u00f3n del kartista mendocino Jorge Vitar, en la Final International IAME que se lleva<\/p>\n","protected":false},"author":1,"featured_media":1682,"comment_status":"open","ping_status":"closed","sticky":false,"template":"","format":"standard","meta":{"footnotes":""},"categories":[4],"tags":[],"class_list":["post-1680","post","type-post","status-publish","format-standard","has-post-thumbnail","hentry","category-karting"],"featured_image_urls":{"full":["https:\/\/curva1.com.ar\/wp-content\/uploads\/2012\/10\/P1sg740249.jpg",500,281,false],"thumbnail":["https:\/\/curva1.com.ar\/wp-content\/uploads\/2012\/10\/P1sg740249-150x150.jpg",150,150,true],"medium":["https:\/\/curva1.com.ar\/wp-content\/uploads\/2012\/10\/P1sg740249-300x168.jpg",300,168,true],"medium_large":["https:\/\/curva1.com.ar\/wp-content\/uploads\/2012\/10\/P1sg740249.jpg",500,281,false],"large":["https:\/\/curva1.com.ar\/wp-content\/uploads\/2012\/10\/P1sg740249.jpg",500,281,false],"1536x1536":["https:\/\/curva1.com.ar\/wp-content\/uploads\/2012\/10\/P1sg740249.jpg",500,281,false],"2048x2048":["https:\/\/curva1.com.ar\/wp-content\/uploads\/2012\/10\/P1sg740249.jpg",500,281,false],"chromenews-featured":["https:\/\/curva1.com.ar\/wp-content\/uploads\/2012\/10\/P1sg740249.jpg",500,281,false],"chromenews-large":["https:\/\/curva1.com.ar\/wp-content\/uploads\/2012\/10\/P1sg740249.jpg",500,281,false],"chromenews-medium":["https:\/\/curva1.com.ar\/wp-content\/uploads\/2012\/10\/P1sg740249.jpg",500,281,false]},"author_info":{"display_name":"Jos\u00e9 Bravo","author_link":"https:\/\/curva1.com.ar\/?author=1"},"category_info":"<a href=\"https:\/\/curva1.com.ar\/?cat=4\" rel=\"category\">Karting Asfalto<\/a>","tag_info":"Karting Asfalto","comment_count":"0","_links":{"self":[{"href":"https:\/\/curva1.com.ar\/index.php?rest_route=\/wp\/v2\/posts\/1680","targetHints":{"allow":["GET"]}}],"collection":[{"href":"https:\/\/curva1.com.ar\/index.php?rest_route=\/wp\/v2\/posts"}],"about":[{"href":"https:\/\/curva1.com.ar\/index.php?rest_route=\/wp\/v2\/types\/post"}],"author":[{"embeddable":true,"href":"https:\/\/curva1.com.ar\/index.php?rest_route=\/wp\/v2\/users\/1"}],"replies":[{"embeddable":true,"href":"https:\/\/curva1.com.ar\/index.php?rest_route=%2Fwp%2Fv2%2Fcomments&post=1680"}],"version-history":[{"count":5,"href":"https:\/\/curva1.com.ar\/index.php?rest_route=\/wp\/v2\/posts\/1680\/revisions"}],"predecessor-version":[{"id":1684,"href":"https:\/\/curva1.com.ar\/index.php?rest_route=\/wp\/v2\/posts\/1680\/revisions\/1684"}],"wp:featuredmedia":[{"embeddable":true,"href":"https:\/\/curva1.com.ar\/index.php?rest_route=\/wp\/v2\/media\/1682"}],"wp:attachment":[{"href":"https:\/\/curva1.com.ar\/index.php?rest_route=%2Fwp%2Fv2%2Fmedia&parent=1680"}],"wp:term":[{"taxonomy":"category","embeddable":true,"href":"https:\/\/curva1.com.ar\/index.php?rest_route=%2Fwp%2Fv2%2Fcategories&post=1680"},{"taxonomy":"post_tag","embeddable":true,"href":"https:\/\/curva1.com.ar\/index.php?rest_route=%2Fwp%2Fv2%2Ftags&post=1680"}],"curies":[{"name":"wp","href":"https:\/\/api.w.org\/{rel}","templated":true}]}}